{"id":41856,"date":"2025-09-09T20:51:13","date_gmt":"2025-09-09T23:51:13","guid":{"rendered":"https:\/\/zapala8340.com.ar\/?p=41856"},"modified":"2025-09-09T20:51:14","modified_gmt":"2025-09-09T23:51:14","slug":"nepal-el-gobierno-cerro-las-redes-sociales-y-miles-de-jovenes-incendiaron-el-parlamento-y-agredieron-a-varios-ministros","status":"publish","type":"post","link":"https:\/\/zapala8340.com.ar\/?p=41856","title":{"rendered":"Nepal: el gobierno cerr\u00f3 las redes sociales, y miles de j\u00f3venes incendiaron el Parlamento y agredieron a varios ministros"},"content":{"rendered":"\n<p><\/p>\n\n\n\n<p><img loading=\"lazy\" decoding=\"async\" height=\"16\" width=\"16\" alt=\"\ud83d\udcf5\" src=\"https:\/\/static.xx.fbcdn.net\/images\/emoji.php\/v9\/t5b\/1\/16\/1f4f5.png\"> E<a><\/a>l gobierno bloque\u00f3 26 redes sociales.<\/p>\n\n\n\n<p><img loading=\"lazy\" decoding=\"async\" height=\"16\" width=\"16\" alt=\"\ud83d\udd25\" src=\"https:\/\/static.xx.fbcdn.net\/images\/emoji.php\/v9\/t50\/1\/16\/1f525.png\"> Miles de j\u00f3venes salieron a las calles.<\/p>\n\n\n\n<p><img loading=\"lazy\" decoding=\"async\" height=\"16\" width=\"16\" alt=\"\ud83c\udfdb\ufe0f\" src=\"https:\/\/static.xx.fbcdn.net\/images\/emoji.php\/v9\/t89\/1\/16\/1f3db.png\"> Incendiaron el Parlamento.<\/p>\n\n\n\n<p><img loading=\"lazy\" decoding=\"async\" height=\"16\" width=\"16\" alt=\"\u26a0\ufe0f\" src=\"https:\/\/static.xx.fbcdn.net\/images\/emoji.php\/v9\/tdc\/1\/16\/26a0.png\"> Ministros agredidos.<\/p>\n\n\n\n<p><img loading=\"lazy\" decoding=\"async\" height=\"16\" width=\"16\" alt=\"\ud83d\udca5\" src=\"https:\/\/static.xx.fbcdn.net\/images\/emoji.php\/v9\/t40\/1\/16\/1f4a5.png\"> 25 muertos. M\u00e1s de 400 heridos.<\/p>\n\n\n\n<p><img loading=\"lazy\" decoding=\"async\" height=\"16\" width=\"16\" alt=\"\ud83d\udcc9\" src=\"https:\/\/static.xx.fbcdn.net\/images\/emoji.php\/v9\/t82\/1\/16\/1f4c9.png\"> El primer ministro renunci\u00f3.<\/p>\n\n\n\n<figure class=\"wp-block-image size-full\"><img loading=\"lazy\" decoding=\"async\" width=\"854\" height=\"480\" src=\"https:\/\/zapala8340.com.ar\/wp-content\/uploads\/2025\/09\/image-34.png\" alt=\"\" class=\"wp-image-41857\" srcset=\"https:\/\/zapala8340.com.ar\/wp-content\/uploads\/2025\/09\/image-34.png 854w, https:\/\/zapala8340.com.ar\/wp-content\/uploads\/2025\/09\/image-34-300x169.png 300w, https:\/\/zapala8340.com.ar\/wp-content\/uploads\/2025\/09\/image-34-768x432.png 768w\" sizes=\"(max-width: 854px) 100vw, 854px\" \/><\/figure>\n\n\n\n<p><img loading=\"lazy\" decoding=\"async\" height=\"16\" width=\"16\" alt=\"\ud83d\udd25\" src=\"https:\/\/static.xx.fbcdn.net\/images\/emoji.php\/v9\/t50\/1\/16\/1f525.png\"> Nepal en llamas: Los j\u00f3venes desaf\u00eda al poder y provoca la ca\u00edda del gobierno<\/p>\n\n\n\n<p>Lo que comenz\u00f3 como una protesta juvenil contra la censura digital termin\u00f3 en una revuelta nacional que dej\u00f3 al pa\u00eds al borde del colapso institucional.<\/p>\n\n\n\n<figure class=\"wp-block-image size-full\"><img loading=\"lazy\" decoding=\"async\" width=\"854\" height=\"480\" src=\"https:\/\/zapala8340.com.ar\/wp-content\/uploads\/2025\/09\/image-35.png\" alt=\"\" class=\"wp-image-41858\" srcset=\"https:\/\/zapala8340.com.ar\/wp-content\/uploads\/2025\/09\/image-35.png 854w, https:\/\/zapala8340.com.ar\/wp-content\/uploads\/2025\/09\/image-35-300x169.png 300w, https:\/\/zapala8340.com.ar\/wp-content\/uploads\/2025\/09\/image-35-768x432.png 768w\" sizes=\"(max-width: 854px) 100vw, 854px\" \/><\/figure>\n\n\n\n<p><img loading=\"lazy\" decoding=\"async\" height=\"16\" width=\"16\" alt=\"\ud83d\udcf5\" src=\"https:\/\/static.xx.fbcdn.net\/images\/emoji.php\/v9\/t5b\/1\/16\/1f4f5.png\"> El detonante: el apag\u00f3n digital<\/p>\n\n\n\n<p>El 4 de septiembre, el gobierno de K.P. Sharma Oli bloque\u00f3 el acceso a 26 redes sociales, incluyendo Facebook, Instagram, WhatsApp, YouTube y X (Twitter), alegando que las plataformas no cumpl\u00edan con una nueva normativa de registro ante el Ministerio de Comunicaciones.<\/p>\n\n\n\n<p>La medida fue interpretada como un intento de silenciar voces cr\u00edticas, especialmente de los j\u00f3venes, quienes usan estas redes para expresarse y organizarse.<\/p>\n\n\n\n<figure class=\"wp-block-image size-full\"><img loading=\"lazy\" decoding=\"async\" width=\"854\" height=\"480\" src=\"https:\/\/zapala8340.com.ar\/wp-content\/uploads\/2025\/09\/image-36.png\" alt=\"\" class=\"wp-image-41859\" srcset=\"https:\/\/zapala8340.com.ar\/wp-content\/uploads\/2025\/09\/image-36.png 854w, https:\/\/zapala8340.com.ar\/wp-content\/uploads\/2025\/09\/image-36-300x169.png 300w, https:\/\/zapala8340.com.ar\/wp-content\/uploads\/2025\/09\/image-36-768x432.png 768w\" sizes=\"(max-width: 854px) 100vw, 854px\" \/><\/figure>\n\n\n\n<p><img loading=\"lazy\" decoding=\"async\" height=\"16\" width=\"16\" alt=\"\ud83e\uddd1\u200d\ud83c\udf93\" src=\"https:\/\/static.xx.fbcdn.net\/images\/emoji.php\/v9\/t62\/1\/16\/1f9d1_200d_1f393.png\"> Los j\u00f3venes toman las calles<\/p>\n\n\n\n<p>Miles de j\u00f3venes, nacidos entre 1997 y 2012, se autoconvocaron en Katmand\u00fa y otras ciudades bajo consignas como \u201c<a href=\"https:\/\/www.facebook.com\/watch\/hashtag\/nepokid?__eep__=6%2F&amp;__cft__[0]=AZXJ18Jcnq8FM7slNqQFXG77CDQdztcSXn3hKmnIMDUFqATfPKdGOThxDoqAvX-WBtMe28Mh-yPN5_VqYUqvC817udU3KqYYoE6tjvi88t7r4u8teeUyg9pFceqefBmWJOoNCvkeogGkU2kkjwDanh-IpHwaa91dzhoGAl91VquH296i6tbLrRgLTMhutKev2k8sbZvyXksFOVG0ezcYKwlt&amp;__tn__=*NK-R\">#NepoKid<\/a>\u201d y \u201cNo Baby\u201d, denunciando corrupci\u00f3n, nepotismo y falta de oportunidades. Las protestas escalaron r\u00e1pidamente: se incendiaron edificios oficiales, se atacaron residencias de ministros y se rompi\u00f3 el toque de queda impuesto por el gobierno.<\/p>\n\n\n\n<figure class=\"wp-block-image size-full\"><img loading=\"lazy\" decoding=\"async\" width=\"854\" height=\"480\" src=\"https:\/\/zapala8340.com.ar\/wp-content\/uploads\/2025\/09\/image-37.png\" alt=\"\" class=\"wp-image-41860\" srcset=\"https:\/\/zapala8340.com.ar\/wp-content\/uploads\/2025\/09\/image-37.png 854w, https:\/\/zapala8340.com.ar\/wp-content\/uploads\/2025\/09\/image-37-300x169.png 300w, https:\/\/zapala8340.com.ar\/wp-content\/uploads\/2025\/09\/image-37-768x432.png 768w\" sizes=\"(max-width: 854px) 100vw, 854px\" \/><\/figure>\n\n\n\n<p><img loading=\"lazy\" decoding=\"async\" height=\"16\" width=\"16\" alt=\"\ud83d\udca5\" src=\"https:\/\/static.xx.fbcdn.net\/images\/emoji.php\/v9\/t40\/1\/16\/1f4a5.png\"> Represi\u00f3n y caos<\/p>\n\n\n\n<p>La respuesta estatal fue brutal. La polic\u00eda utiliz\u00f3 gases lacrim\u00f3genos, ca\u00f1ones de agua y munici\u00f3n real. El saldo: al menos 25 muertos y m\u00e1s de 400 heridos. Amnist\u00eda Internacional exigi\u00f3 una investigaci\u00f3n independiente por el uso de fuerza letal contra manifestantes pac\u00edficos.<\/p>\n\n\n\n<figure class=\"wp-block-image size-full\"><img loading=\"lazy\" decoding=\"async\" width=\"854\" height=\"480\" src=\"https:\/\/zapala8340.com.ar\/wp-content\/uploads\/2025\/09\/image-38.png\" alt=\"\" class=\"wp-image-41861\" srcset=\"https:\/\/zapala8340.com.ar\/wp-content\/uploads\/2025\/09\/image-38.png 854w, https:\/\/zapala8340.com.ar\/wp-content\/uploads\/2025\/09\/image-38-300x169.png 300w, https:\/\/zapala8340.com.ar\/wp-content\/uploads\/2025\/09\/image-38-768x432.png 768w\" sizes=\"(max-width: 854px) 100vw, 854px\" \/><\/figure>\n\n\n\n<p><img loading=\"lazy\" decoding=\"async\" height=\"16\" width=\"16\" alt=\"\ud83c\udfdb\ufe0f\" src=\"https:\/\/static.xx.fbcdn.net\/images\/emoji.php\/v9\/t89\/1\/16\/1f3db.png\"> El Parlamento en llamas y renuncias en cadena<\/p>\n\n\n\n<p>El Parlamento fue incendiado por manifestantes que escalaron sus muros y pintaron grafitis anticorrupci\u00f3n. El primer ministro Sharma Oli present\u00f3 su renuncia el 9 de septiembre, seguido por varios ministros, incluyendo los titulares de Interior, Agricultura y Juventud. Algunos funcionarios fueron atacados f\u00edsicamente: el ministro de Finanzas fue golpeado, desnudado y arrojado a un r\u00edo<\/p>\n\n\n\n<figure class=\"wp-block-image size-full\"><img loading=\"lazy\" decoding=\"async\" width=\"780\" height=\"520\" src=\"https:\/\/zapala8340.com.ar\/wp-content\/uploads\/2025\/09\/image-39.png\" alt=\"\" class=\"wp-image-41862\" srcset=\"https:\/\/zapala8340.com.ar\/wp-content\/uploads\/2025\/09\/image-39.png 780w, https:\/\/zapala8340.com.ar\/wp-content\/uploads\/2025\/09\/image-39-300x200.png 300w, https:\/\/zapala8340.com.ar\/wp-content\/uploads\/2025\/09\/image-39-768x512.png 768w\" sizes=\"(max-width: 780px) 100vw, 780px\" \/><\/figure>\n\n\n\n<p>.<\/p>\n\n\n\n<p><img loading=\"lazy\" decoding=\"async\" height=\"16\" width=\"16\" alt=\"\u2708\ufe0f\" src=\"https:\/\/static.xx.fbcdn.net\/images\/emoji.php\/v9\/tb6\/1\/16\/2708.png\"> Un pa\u00eds paralizado<\/p>\n\n\n\n<p>El aeropuerto internacional de Katmand\u00fa fue cerrado, cientos de presos escaparon de c\u00e1rceles incendiadas y no hay una figura clara que asuma el liderazgo pol\u00edtico. La protesta, descentralizada y sin partidos detr\u00e1s, sigue activa pese al levantamiento del bloqueo digital.<\/p>\n\n\n\n<p>El ministro de Finanzas de Nepal, Bishnu Prasad Paudel, fue v\u00edctima de una agresi\u00f3n brutal durante las protestas masivas que sacuden al pa\u00eds. En medio del caos desatado por la censura digital y la corrupci\u00f3n, manifestantes lo persiguieron, golpearon, desnudaron y lo arrojaron al r\u00edo Bagmati en plena v\u00eda p\u00fablica.<\/p>\n\n\n\n<figure class=\"wp-block-image size-full\"><img loading=\"lazy\" decoding=\"async\" width=\"780\" height=\"520\" src=\"https:\/\/zapala8340.com.ar\/wp-content\/uploads\/2025\/09\/image-40.png\" alt=\"\" class=\"wp-image-41863\" srcset=\"https:\/\/zapala8340.com.ar\/wp-content\/uploads\/2025\/09\/image-40.png 780w, https:\/\/zapala8340.com.ar\/wp-content\/uploads\/2025\/09\/image-40-300x200.png 300w, https:\/\/zapala8340.com.ar\/wp-content\/uploads\/2025\/09\/image-40-768x512.png 768w\" sizes=\"(max-width: 780px) 100vw, 780px\" \/><\/figure>\n\n\n\n<p>Videos que circularon en redes sociales muestran al ministro intentando huir mientras es atacado por una multitud.<\/p>\n\n\n\n<p>En un momento, lo despojan de su ropa y lo lanzan al agua, en un acto que simboliza el repudio popular hacia la clase pol\u00edtica.<\/p>\n\n\n\n<p>Este episodio se convirti\u00f3 en uno de los m\u00e1s impactantes de la revuelta, junto con el incendio del Parlamento y la renuncia del primer ministro KP Sharma Oli.<\/p>\n\n\n\n<figure class=\"wp-block-image size-full\"><img loading=\"lazy\" decoding=\"async\" width=\"780\" height=\"520\" src=\"https:\/\/zapala8340.com.ar\/wp-content\/uploads\/2025\/09\/image-41.png\" alt=\"\" class=\"wp-image-41864\" srcset=\"https:\/\/zapala8340.com.ar\/wp-content\/uploads\/2025\/09\/image-41.png 780w, https:\/\/zapala8340.com.ar\/wp-content\/uploads\/2025\/09\/image-41-300x200.png 300w, https:\/\/zapala8340.com.ar\/wp-content\/uploads\/2025\/09\/image-41-768x512.png 768w\" sizes=\"(max-width: 780px) 100vw, 780px\" \/><\/figure>\n\n\n\n<p>La violencia se extendi\u00f3 a otros funcionarios: residencias oficiales fueron incendiadas, ministros resultaron heridos, y algunos tuvieron que escapar en helic\u00f3pteros o por rutas fluviales para evitar ser capturados<\/p>\n\n\n\n<p>la juventud digital encendi\u00f3 la mecha de una revuelta hist\u00f3rica contra la censura y la corrupci\u00f3n.<\/p>\n\n\n\n<p><img loading=\"lazy\" decoding=\"async\" height=\"16\" width=\"16\" alt=\"\ud83c\udfa5\" src=\"https:\/\/static.xx.fbcdn.net\/images\/emoji.php\/v9\/tff\/1\/16\/1f3a5.png\"> En este video te contamos c\u00f3mo el pa\u00eds lleg\u00f3 al borde del colapso.<\/p>\n\n\n\n<p><\/p>\n\n\n\n<p><\/p>\n\n\n\n<figure class=\"wp-block-image size-full\"><img loading=\"lazy\" decoding=\"async\" width=\"880\" height=\"586\" src=\"https:\/\/zapala8340.com.ar\/wp-content\/uploads\/2025\/09\/image-42.png\" alt=\"\" class=\"wp-image-41865\" srcset=\"https:\/\/zapala8340.com.ar\/wp-content\/uploads\/2025\/09\/image-42.png 880w, https:\/\/zapala8340.com.ar\/wp-content\/uploads\/2025\/09\/image-42-300x200.png 300w, https:\/\/zapala8340.com.ar\/wp-content\/uploads\/2025\/09\/image-42-768x511.png 768w\" sizes=\"(max-width: 880px) 100vw, 880px\" \/><\/figure>\n\n\n\n<p>Los manifestantes se toman selfies y celebran en el Singha Durbar, sede de los diversos ministerios y oficinas del gobierno de NepalNiranjan Shrestha &#8211; AP<\/p>\n","protected":false},"excerpt":{"rendered":"<p>El gobierno bloque\u00f3 26 redes sociales. Miles de j\u00f3venes salieron a las calles. Incendiaron el&#8230;<\/p>\n","protected":false},"author":1,"featured_media":41865,"comment_status":"open","ping_status":"open","sticky":false,"template":"","format":"standard","meta":{"footnotes":""},"categories":[5],"tags":[],"class_list":["post-41856","post","type-post","status-publish","format-standard","has-post-thumbnail","hentry","category-internacionales"],"_links":{"self":[{"href":"https:\/\/zapala8340.com.ar\/index.php?rest_route=\/wp\/v2\/posts\/41856"}],"collection":[{"href":"https:\/\/zapala8340.com.ar\/index.php?rest_route=\/wp\/v2\/posts"}],"about":[{"href":"https:\/\/zapala8340.com.ar\/index.php?rest_route=\/wp\/v2\/types\/post"}],"author":[{"embeddable":true,"href":"https:\/\/zapala8340.com.ar\/index.php?rest_route=\/wp\/v2\/users\/1"}],"replies":[{"embeddable":true,"href":"https:\/\/zapala8340.com.ar\/index.php?rest_route=%2Fwp%2Fv2%2Fcomments&post=41856"}],"version-history":[{"count":1,"href":"https:\/\/zapala8340.com.ar\/index.php?rest_route=\/wp\/v2\/posts\/41856\/revisions"}],"predecessor-version":[{"id":41866,"href":"https:\/\/zapala8340.com.ar\/index.php?rest_route=\/wp\/v2\/posts\/41856\/revisions\/41866"}],"wp:featuredmedia":[{"embeddable":true,"href":"https:\/\/zapala8340.com.ar\/index.php?rest_route=\/wp\/v2\/media\/41865"}],"wp:attachment":[{"href":"https:\/\/zapala8340.com.ar\/index.php?rest_route=%2Fwp%2Fv2%2Fmedia&parent=41856"}],"wp:term":[{"taxonomy":"category","embeddable":true,"href":"https:\/\/zapala8340.com.ar\/index.php?rest_route=%2Fwp%2Fv2%2Fcategories&post=41856"},{"taxonomy":"post_tag","embeddable":true,"href":"https:\/\/zapala8340.com.ar\/index.php?rest_route=%2Fwp%2Fv2%2Ftags&post=41856"}],"curies":[{"name":"wp","href":"https:\/\/api.w.org\/{rel}","templated":true}]}}