{"id":41874,"date":"2025-09-09T22:48:35","date_gmt":"2025-09-10T01:48:35","guid":{"rendered":"https:\/\/zapala8340.com.ar\/?p=41874"},"modified":"2025-09-09T22:48:36","modified_gmt":"2025-09-10T01:48:36","slug":"el-fmi-respaldo-el-programa-economico-del-gobierno-argentino-tras-la-derrota-electoral","status":"publish","type":"post","link":"https:\/\/zapala8340.com.ar\/?p=41874","title":{"rendered":"El FMI respald\u00f3 el programa econ\u00f3mico del Gobierno argentino tras la derrota electoral"},"content":{"rendered":"\n<p>La portavoz Julie Kozack destac\u00f3 la cooperaci\u00f3n con el Gobierno para mantener la estabilidad cambiaria y monetaria y valor\u00f3 la adhesi\u00f3n al ajuste fiscal, en un mensaje de respaldo tras la derrota electoral de La Libertad Avanza en la provincia de Buenos Aires.<\/p>\n\n\n\n<p><\/p>\n\n\n\n<p>La portavoz del FMI,\u00a0<strong>Julie Kozack<\/strong>, respald\u00f3 hoy el &#8220;compromiso&#8221; de las autoridades argentinas por &#8220;<strong>garantizar la sostenibilidad del marco cambiario y monetario del programa<\/strong>&#8221; y destac\u00f3 la &#8220;<strong>adhesi\u00f3n al ancla fiscal<\/strong>&#8220;, en un mensaje emitido\u00a0tras la derrota electoral que sufri\u00f3 La Libertad Avanza (LLA) en la provincia de Buenos Aires.<\/p>\n\n\n\n<figure class=\"wp-block-image size-large\"><img loading=\"lazy\" decoding=\"async\" width=\"1024\" height=\"576\" src=\"https:\/\/zapala8340.com.ar\/wp-content\/uploads\/2025\/09\/image-47-1024x576.png\" alt=\"\" class=\"wp-image-41876\" srcset=\"https:\/\/zapala8340.com.ar\/wp-content\/uploads\/2025\/09\/image-47-1024x576.png 1024w, https:\/\/zapala8340.com.ar\/wp-content\/uploads\/2025\/09\/image-47-300x169.png 300w, https:\/\/zapala8340.com.ar\/wp-content\/uploads\/2025\/09\/image-47-768x432.png 768w, https:\/\/zapala8340.com.ar\/wp-content\/uploads\/2025\/09\/image-47.png 1200w\" sizes=\"(max-width: 1024px) 100vw, 1024px\" \/><\/figure>\n\n\n\n<p><\/p>\n\n\n\n<p>&#8220;El personal del FMI colabora estrechamente con las autoridades argentinas en la implementaci\u00f3n de su programa para&nbsp;<strong>afianzar la estabilidad y mejorar las perspectivas de crecimiento del pa\u00eds<\/strong>&#8220;, remarc\u00f3 la vocera en un mensaje que comparti\u00f3 en su cuenta de la red social X, en una semana marcada por la inestabilidad pol\u00edtica y econ\u00f3mica tras el resultado electoral, donde el oficialismo nacional result\u00f3 derrotado por casi 14 puntos por la oposici\u00f3n.<\/p>\n\n\n\n<figure class=\"wp-block-image size-large\"><img loading=\"lazy\" decoding=\"async\" width=\"1024\" height=\"576\" src=\"https:\/\/zapala8340.com.ar\/wp-content\/uploads\/2025\/09\/image-46-1024x576.png\" alt=\"\" class=\"wp-image-41875\" srcset=\"https:\/\/zapala8340.com.ar\/wp-content\/uploads\/2025\/09\/image-46-1024x576.png 1024w, https:\/\/zapala8340.com.ar\/wp-content\/uploads\/2025\/09\/image-46-300x169.png 300w, https:\/\/zapala8340.com.ar\/wp-content\/uploads\/2025\/09\/image-46-768x432.png 768w, https:\/\/zapala8340.com.ar\/wp-content\/uploads\/2025\/09\/image-46.png 1200w\" sizes=\"(max-width: 1024px) 100vw, 1024px\" \/><\/figure>\n\n\n\n<p>Kozack tambi\u00e9n manifest\u00f3 el apoyo del organismo de cr\u00e9dito internacional al &#8220;compromiso&#8221; que le asign\u00f3 a la Argentina en su tarea de &#8220;<strong>garantizar la sostenibilidad del marco cambiario y monetario del programa<\/strong>, as\u00ed como su continua adhesi\u00f3n al&nbsp;<strong>ancla fiscal&nbsp;<\/strong>y a la agenda integral de desregulaci\u00f3n&#8221;.<\/p>\n\n\n\n<h2 class=\"wp-block-heading\">\u00bfC\u00f3mo recibi\u00f3 el Gobierno el apoyo del FMI?<\/h2>\n\n\n\n<p>El ministro de Econom\u00eda,&nbsp;<strong>Luis &#8216;Toto&#8217; Caputo<\/strong>, tambi\u00e9n replic\u00f3 el mensaje en su cuenta personal de X. El presidente&nbsp;<strong>Javier Milei&nbsp;<\/strong>ya hab\u00eda ratificado el programa econ\u00f3mico de su Gobierno en su discurso desde el b\u00fanker de LLA en La Plata, al reconocer la derrota en los comicios de la provincia de Buenos Aires. &#8220;M\u00e1s all\u00e1 de este resultado electoral, tambi\u00e9n quiero se\u00f1alar a todos los argentinos que&nbsp;<strong>el rumbo por el cual hemos sido elegidos en 2023, no se va a modificar sino que se va a redoblar<\/strong>&#8220;, indic\u00f3 Milei y luego enfatiz\u00f3 que &#8220;<strong>vamos a seguir defendiendo con u\u00f1as y dientes el equilibrio fiscal<\/strong>&#8220;. &#8220;Vamos a seguir manteniendo la fuerte restricci\u00f3n monetario. Vamos a mantener el esquema cambiario al cual nos comprometimos con los argentinos &#8220;, garantiz\u00f3.<\/p>\n\n\n\n<p>El mandatario tambi\u00e9n se hizo eco del mensaje del FMI y remarc\u00f3 al respecto: &#8220;Tal como se\u00f1al\u00e9 el d\u00eda domingo, no nos moveremos ni un mil\u00edmetro del programa econ\u00f3mico: (1)&nbsp;<strong>equilibrio fisca<\/strong>l; (2)&nbsp;<strong>mercado monetario ajustado<\/strong>; y (3) en lo cambiario, se mantienen las&nbsp;<strong>bandas cambiarias&nbsp;<\/strong>pactadas con el FMI&#8221;.<\/p>\n\n\n\n<figure class=\"wp-block-image\"><img decoding=\"async\" src=\"https:\/\/media.a24.com\/p\/cc59d5cef605720a316447ec4e89596d\/adjuntos\/296\/imagenes\/009\/621\/0009621610\/1200x675\/smart\/javier-milei-presidio-la-primera-reunon-la-mesa-politica-nacional-conformada-karina-milei-guillermo-francos-martin-menem-patricia-bullrich-manuel-adorni-y-santiago-caputo-foto-lla.jpeg\" alt=\"\" title=\"\"\/><\/figure>\n\n\n\n<p>Tambi\u00e9n despu\u00e9s de la primera reuni\u00f3n de la flamante mesa de trabajo creada por Milei con sus funcionarios m\u00e1s cercanos, el partido libertario comparti\u00f3 sobre el resultado del encuentro: &#8220;Vamos a poner el cuerpo en defensa de este proyecto y&nbsp;<strong>defenderlo con u\u00f1as y dientes<\/strong>. Todas&nbsp;<strong>las dem\u00e1s recetas ya fracasaron<\/strong>. Sabemos que es dif\u00edcil pero este es el \u00fanico camino posible para salir del pozo en el que nos dejaro<\/p>\n","protected":false},"excerpt":{"rendered":"<p>La portavoz Julie Kozack destac\u00f3 la cooperaci\u00f3n con el Gobierno para mantener la estabilidad cambiaria&#8230;<\/p>\n","protected":false},"author":1,"featured_media":41875,"comment_status":"open","ping_status":"open","sticky":false,"template":"","format":"standard","meta":{"footnotes":""},"categories":[16],"tags":[],"class_list":["post-41874","post","type-post","status-publish","format-standard","has-post-thumbnail","hentry","category-politica"],"_links":{"self":[{"href":"https:\/\/zapala8340.com.ar\/index.php?rest_route=\/wp\/v2\/posts\/41874"}],"collection":[{"href":"https:\/\/zapala8340.com.ar\/index.php?rest_route=\/wp\/v2\/posts"}],"about":[{"href":"https:\/\/zapala8340.com.ar\/index.php?rest_route=\/wp\/v2\/types\/post"}],"author":[{"embeddable":true,"href":"https:\/\/zapala8340.com.ar\/index.php?rest_route=\/wp\/v2\/users\/1"}],"replies":[{"embeddable":true,"href":"https:\/\/zapala8340.com.ar\/index.php?rest_route=%2Fwp%2Fv2%2Fcomments&post=41874"}],"version-history":[{"count":1,"href":"https:\/\/zapala8340.com.ar\/index.php?rest_route=\/wp\/v2\/posts\/41874\/revisions"}],"predecessor-version":[{"id":41877,"href":"https:\/\/zapala8340.com.ar\/index.php?rest_route=\/wp\/v2\/posts\/41874\/revisions\/41877"}],"wp:featuredmedia":[{"embeddable":true,"href":"https:\/\/zapala8340.com.ar\/index.php?rest_route=\/wp\/v2\/media\/41875"}],"wp:attachment":[{"href":"https:\/\/zapala8340.com.ar\/index.php?rest_route=%2Fwp%2Fv2%2Fmedia&parent=41874"}],"wp:term":[{"taxonomy":"category","embeddable":true,"href":"https:\/\/zapala8340.com.ar\/index.php?rest_route=%2Fwp%2Fv2%2Fcategories&post=41874"},{"taxonomy":"post_tag","embeddable":true,"href":"https:\/\/zapala8340.com.ar\/index.php?rest_route=%2Fwp%2Fv2%2Ftags&post=41874"}],"curies":[{"name":"wp","href":"https:\/\/api.w.org\/{rel}","templated":true}]}}