{"id":41900,"date":"2025-09-08T09:51:21","date_gmt":"2025-09-08T12:51:21","guid":{"rendered":"https:\/\/zapala8340.com.ar\/?p=41900"},"modified":"2025-09-11T09:53:38","modified_gmt":"2025-09-11T12:53:38","slug":"zapala-ya-tiene-54-profesionales-egresados-de-la-tecnicatura-superior-en-gastronomia","status":"publish","type":"post","link":"https:\/\/zapala8340.com.ar\/?p=41900","title":{"rendered":"Zapala ya tiene 54 profesionales egresados de la Tecnicatura Superior en Gastronom\u00eda"},"content":{"rendered":"\n<p>La semana pasada 28 estudiantes rindieron la instancia final de la carrera que desembarc\u00f3 en Zapala desde el 2022, gracias a una gesti\u00f3n del Municipio.<\/p>\n\n\n\n<p>Estudiantes de la Tecnicatura Superior en Gastronom\u00eda rindieron el \u00faltimo mi\u00e9rcoles sus proyectos finales, culminando as\u00ed su recorrido acad\u00e9mico. Felicidad, emoci\u00f3n y por supuesto la celebraci\u00f3n posterior, fueron los sentimientos y momentos que vivieron cada uno de los nuevos egresados.<\/p>\n\n\n\n<figure class=\"wp-block-image size-full\"><img loading=\"lazy\" decoding=\"async\" width=\"1024\" height=\"640\" src=\"https:\/\/zapala8340.com.ar\/wp-content\/uploads\/2025\/09\/image-58.png\" alt=\"\" class=\"wp-image-41902\" srcset=\"https:\/\/zapala8340.com.ar\/wp-content\/uploads\/2025\/09\/image-58.png 1024w, https:\/\/zapala8340.com.ar\/wp-content\/uploads\/2025\/09\/image-58-300x188.png 300w, https:\/\/zapala8340.com.ar\/wp-content\/uploads\/2025\/09\/image-58-768x480.png 768w, https:\/\/zapala8340.com.ar\/wp-content\/uploads\/2025\/09\/image-58-800x500.png 800w, https:\/\/zapala8340.com.ar\/wp-content\/uploads\/2025\/09\/image-58-400x250.png 400w\" sizes=\"(max-width: 1024px) 100vw, 1024px\" \/><\/figure>\n\n\n\n<p>La carrera que dio inicio en el a\u00f1o 2022 mediante la firma del convenio entre Consejo Provincial de Educaci\u00f3n de la Provincia del Neuqu\u00e9n y la Municipalidad de Zapala,&nbsp; finaliza con 54&nbsp; T\u00e9cnicos\/as Superior en Gastronom\u00eda.<\/p>\n\n\n\n<p>Cada nuevo profesional podr\u00e1 aportar conocimientos, habilidades y creatividad en el campo de la gastronom\u00eda en general y en particular en la gastronom\u00eda local, en clave a est\u00e1ndares de calidad propios de la gastronom\u00eda. Esta nueva formaci\u00f3n, permiti\u00f3 dotar a las localidades de la zona de T\u00e9cnicos Superiores que posibilitan una revalorizaci\u00f3n del patrimonio local, tendiente a favorecer la innovaci\u00f3n de la oferta gastron\u00f3mica, fuertemente vinculada con la tradici\u00f3n local, la generaci\u00f3n de valor agregado en origen, y con las necesidades socio-culturales de la regi\u00f3n con capacidad de transformar a la gastronom\u00eda no solo en un servicio sino en un producto.<\/p>\n\n\n\n<p>A lo largo de la cursada, los estudiantes pudieron participar adem\u00e1s de experiencias pr\u00e1cticas en la Fiesta del Inmigrante y las Colectividades, visitar y capacitarse en el Nodo de Producci\u00f3n e incluso dejar su huella en el Campeonato de Asadores de la localidad.<\/p>\n\n\n\n<p>El intendente Carlos Koopmann record\u00f3 la llegada de estas propuestas acad\u00e9micas&nbsp; hace casi tres a\u00f1os, y expres\u00f3 que \u201cZapala sigue posicion\u00e1ndose como polo educativo, apostando d\u00eda a d\u00eda a un mejor futuro para nuestros j\u00f3venes\u201d.<\/p>\n\n\n\n<p><em>Subsecretar\u00eda de Prensa<\/em><\/p>\n\n\n\n<figure class=\"wp-block-image size-large\"><img loading=\"lazy\" decoding=\"async\" width=\"1024\" height=\"640\" src=\"https:\/\/zapala8340.com.ar\/wp-content\/uploads\/2025\/09\/image-57-1024x640.png\" alt=\"\" class=\"wp-image-41901\" srcset=\"https:\/\/zapala8340.com.ar\/wp-content\/uploads\/2025\/09\/image-57-1024x640.png 1024w, https:\/\/zapala8340.com.ar\/wp-content\/uploads\/2025\/09\/image-57-300x188.png 300w, https:\/\/zapala8340.com.ar\/wp-content\/uploads\/2025\/09\/image-57-768x480.png 768w, https:\/\/zapala8340.com.ar\/wp-content\/uploads\/2025\/09\/image-57.png 1536w, https:\/\/zapala8340.com.ar\/wp-content\/uploads\/2025\/09\/image-57-800x500.png 800w, https:\/\/zapala8340.com.ar\/wp-content\/uploads\/2025\/09\/image-57-400x250.png 400w\" sizes=\"(max-width: 1024px) 100vw, 1024px\" \/><\/figure>\n","protected":false},"excerpt":{"rendered":"<p>La semana pasada 28 estudiantes rindieron la instancia final de la carrera que desembarc\u00f3 en&#8230;<\/p>\n","protected":false},"author":1,"featured_media":41901,"comment_status":"open","ping_status":"open","sticky":false,"template":"","format":"standard","meta":{"footnotes":""},"categories":[8],"tags":[],"class_list":["post-41900","post","type-post","status-publish","format-standard","has-post-thumbnail","hentry","category-zapala"],"_links":{"self":[{"href":"https:\/\/zapala8340.com.ar\/index.php?rest_route=\/wp\/v2\/posts\/41900"}],"collection":[{"href":"https:\/\/zapala8340.com.ar\/index.php?rest_route=\/wp\/v2\/posts"}],"about":[{"href":"https:\/\/zapala8340.com.ar\/index.php?rest_route=\/wp\/v2\/types\/post"}],"author":[{"embeddable":true,"href":"https:\/\/zapala8340.com.ar\/index.php?rest_route=\/wp\/v2\/users\/1"}],"replies":[{"embeddable":true,"href":"https:\/\/zapala8340.com.ar\/index.php?rest_route=%2Fwp%2Fv2%2Fcomments&post=41900"}],"version-history":[{"count":1,"href":"https:\/\/zapala8340.com.ar\/index.php?rest_route=\/wp\/v2\/posts\/41900\/revisions"}],"predecessor-version":[{"id":41903,"href":"https:\/\/zapala8340.com.ar\/index.php?rest_route=\/wp\/v2\/posts\/41900\/revisions\/41903"}],"wp:featuredmedia":[{"embeddable":true,"href":"https:\/\/zapala8340.com.ar\/index.php?rest_route=\/wp\/v2\/media\/41901"}],"wp:attachment":[{"href":"https:\/\/zapala8340.com.ar\/index.php?rest_route=%2Fwp%2Fv2%2Fmedia&parent=41900"}],"wp:term":[{"taxonomy":"category","embeddable":true,"href":"https:\/\/zapala8340.com.ar\/index.php?rest_route=%2Fwp%2Fv2%2Fcategories&post=41900"},{"taxonomy":"post_tag","embeddable":true,"href":"https:\/\/zapala8340.com.ar\/index.php?rest_route=%2Fwp%2Fv2%2Ftags&post=41900"}],"curies":[{"name":"wp","href":"https:\/\/api.w.org\/{rel}","templated":true}]}}