{"id":41912,"date":"2025-09-11T13:28:55","date_gmt":"2025-09-11T16:28:55","guid":{"rendered":"https:\/\/zapala8340.com.ar\/?p=41912"},"modified":"2025-09-11T13:30:09","modified_gmt":"2025-09-11T16:30:09","slug":"el-gobierno-activo-negociaciones-mano-a-mano-con-gobernadores-aliados-y-descarto-una-convocatoria-ampliada","status":"publish","type":"post","link":"https:\/\/zapala8340.com.ar\/?p=41912","title":{"rendered":"El Gobierno activ\u00f3 negociaciones mano a mano con gobernadores aliados y descart\u00f3 una convocatoria ampliada"},"content":{"rendered":"\n<p><\/p>\n\n\n\n<p><strong>El\u00a0Gobierno\u00a0activ\u00f3 negociaciones mano a mano con\u00a0gobernadores\u00a0aliados y descart\u00f3 la opci\u00f3n de una gran convocatoria<\/strong>. El Ejecutivo recibe hoy a los mandatarios provinciales Leandro Zdero (Chaco), Alfredo Cornejo (Mendoza) y Rogelio Frigerio (Entre R\u00edos) y tiene previsto convocar en los pr\u00f3ximos d\u00edas a Claudio Poggi (San Luis) y Marcelo Orrego (San Juan).<\/p>\n\n\n\n<p><strong>El encargado de llevar el di\u00e1logo por Naci\u00f3n es el nuevo ministro de Interior, Lisandro Catal\u00e1n<\/strong>, que seguir\u00e1 teniendo las mismas herramientas -como habilitar el env\u00edo de Aportes del Tesoro Nacional (ATN)- que cuando era vicejefe de gabinete de Interior dentro de la cartera de Guillermo Francos. El cambio m\u00e1s directo es que el funcionario comenzar\u00e1 a estar presente en las reuniones y en el chat del gabinete.<\/p>\n\n\n\n<p><\/p>\n\n\n\n<p>Otro de los interlocutores de la mesa pol\u00edtica de Balcarce 50 que&nbsp;<strong>mantiene contacto con gobernadores es el subsecretario de Gesti\u00f3n Institucional, Eduardo \u201cLule\u201d Menem<\/strong>. El armador nacional del oficialismo recibi\u00f3 hoy tambi\u00e9n a Zdero en su despacho y habl\u00f3 en los \u00faltimos d\u00edas con autoridades provinciales, como Gustavo Vald\u00e9s (Corrientes).<\/p>\n\n\n\n<p>En la Casa Rosada&nbsp;<strong>descartan por el momento acercamientos con los mandatarios dialoguistas que competir\u00e1n contra La Libertad Avanza<\/strong>&nbsp;en sus distritos en las elecciones nacionales del 26 de octubre. Se trata de Maximiliano Pullaro (Santa Fe), Mart\u00edn Llaryora (C\u00f3rdoba), Ignacio Torres (Chubut), Ra\u00fal Jalil (Catamarca) y Gustavo S\u00e1enz (Salta), entre otros. \u201cNo tenemos nada que hablar con los que vamos a disputar el voto\u201d, agregan.<\/p>\n\n\n\n<figure class=\"wp-block-image\"><img decoding=\"async\" src=\"https:\/\/tn.com.ar\/resizer\/v2\/en-la-casa-rosada-descartan-por-el-momento-acercamientos-con-los-mandatarios-dialoguistas-que-competiran-contra-la-libertad-avanza-foto-presidencia-HWONZ6JBXBCDXJOKKHHBDIN5YA.jpg?auth=bdce24ad26aa7e295cb203e93879967f7ac3db5767886fb8950b64acecb0b65c&amp;width=767\" alt=\"En la Casa Rosada descartan por el momento acercamientos con los mandatarios dialoguistas que competir\u00e1n contra La Libertad Avanza (Foto: Presidencia).\"\/><figcaption class=\"wp-element-caption\">En la Casa Rosada descartan por el momento acercamientos con los mandatarios dialoguistas que competir\u00e1n contra La Libertad Avanza (Foto: Presidencia).<\/figcaption><\/figure>\n\n\n\n<p>El Gobierno sostiene que&nbsp;<strong>est\u00e1 dispuesto a negociar concesiones en la entrega de fondos a las provincias&nbsp;<\/strong>para acercar posiciones con los mandatarios dialoguistas, pero insiste en que&nbsp;vetar\u00e1 la ley que coparticipa los Aportes del Tesoro Nacional (ATN), que fue impulsada por los jefes provinciales.<\/p>\n\n\n\n<p>Es por eso que el Ejeucutivo sum\u00f3 a la mesa de negociaci\u00f3n al ministro de Econom\u00eda, Luis Caputo, y&nbsp;<strong>apunta a tratar tambi\u00e9n los detalles del Presupuesto 2026, que enviar\u00e1n al Congreso el pr\u00f3ximo lunes al Congreso<\/strong>. Milei hablar\u00e1 en cadena nacional para profundizar sobre los detalles de las asignaciones del nuevo borrador.<\/p>\n\n\n\n<p><\/p>\n\n\n\n<p>En la Casa Rosada&nbsp;<strong>califican de \u201curgente\u201d la aprobaci\u00f3n de la nueva partida por un conflicto de \u201cadministraci\u00f3n financiera\u201d<\/strong>. Ponen la mira sobre la pr\u00f3rroga del presupuesto de 2023 y aseguran que se agotar\u00e1 en pocos meses debido a la inflaci\u00f3n acumulada en caso de ejecutarse. \u201cEsta vez necesitamos que se apruebe s\u00ed o s\u00ed. No hay mucho margen\u201d, agregan.<\/p>\n\n\n\n<p>Seg\u00fan pudo saber&nbsp;<strong>TN<\/strong>, los equipos t\u00e9cnicos del Miniterio de Econom\u00eda&nbsp;<strong>proyectan una ca\u00edda de la recaudaci\u00f3n en un -1,7% para el segundo semestre de 2025<\/strong>. En Balcarce 50 se lo adjudican a la baja de impuestos, como las retenciones. La composici\u00f3n del presupuesto actual abarca una distribuci\u00f3n de fondos para subsidios a la energ\u00eda en un 4,6%, los fondos de las universidades en un 3,8% y los subsidios al transporte en un 1,8%.<\/p>\n\n\n\n<p>FUENTE TN <\/p>\n\n\n\n<figure class=\"wp-block-image size-full\"><img loading=\"lazy\" decoding=\"async\" width=\"767\" height=\"430\" src=\"https:\/\/zapala8340.com.ar\/wp-content\/uploads\/2025\/09\/image-63.png\" alt=\"\" class=\"wp-image-41913\" srcset=\"https:\/\/zapala8340.com.ar\/wp-content\/uploads\/2025\/09\/image-63.png 767w, https:\/\/zapala8340.com.ar\/wp-content\/uploads\/2025\/09\/image-63-300x168.png 300w\" sizes=\"(max-width: 767px) 100vw, 767px\" \/><\/figure>\n","protected":false},"excerpt":{"rendered":"<p>El\u00a0Gobierno\u00a0activ\u00f3 negociaciones mano a mano con\u00a0gobernadores\u00a0aliados y descart\u00f3 la opci\u00f3n de una gran convocatoria. El&#8230;<\/p>\n","protected":false},"author":1,"featured_media":41913,"comment_status":"open","ping_status":"open","sticky":false,"template":"","format":"standard","meta":{"footnotes":""},"categories":[16],"tags":[],"class_list":["post-41912","post","type-post","status-publish","format-standard","has-post-thumbnail","hentry","category-politica"],"_links":{"self":[{"href":"https:\/\/zapala8340.com.ar\/index.php?rest_route=\/wp\/v2\/posts\/41912"}],"collection":[{"href":"https:\/\/zapala8340.com.ar\/index.php?rest_route=\/wp\/v2\/posts"}],"about":[{"href":"https:\/\/zapala8340.com.ar\/index.php?rest_route=\/wp\/v2\/types\/post"}],"author":[{"embeddable":true,"href":"https:\/\/zapala8340.com.ar\/index.php?rest_route=\/wp\/v2\/users\/1"}],"replies":[{"embeddable":true,"href":"https:\/\/zapala8340.com.ar\/index.php?rest_route=%2Fwp%2Fv2%2Fcomments&post=41912"}],"version-history":[{"count":2,"href":"https:\/\/zapala8340.com.ar\/index.php?rest_route=\/wp\/v2\/posts\/41912\/revisions"}],"predecessor-version":[{"id":41915,"href":"https:\/\/zapala8340.com.ar\/index.php?rest_route=\/wp\/v2\/posts\/41912\/revisions\/41915"}],"wp:featuredmedia":[{"embeddable":true,"href":"https:\/\/zapala8340.com.ar\/index.php?rest_route=\/wp\/v2\/media\/41913"}],"wp:attachment":[{"href":"https:\/\/zapala8340.com.ar\/index.php?rest_route=%2Fwp%2Fv2%2Fmedia&parent=41912"}],"wp:term":[{"taxonomy":"category","embeddable":true,"href":"https:\/\/zapala8340.com.ar\/index.php?rest_route=%2Fwp%2Fv2%2Fcategories&post=41912"},{"taxonomy":"post_tag","embeddable":true,"href":"https:\/\/zapala8340.com.ar\/index.php?rest_route=%2Fwp%2Fv2%2Ftags&post=41912"}],"curies":[{"name":"wp","href":"https:\/\/api.w.org\/{rel}","templated":true}]}}