{"id":41919,"date":"2025-09-11T14:45:40","date_gmt":"2025-09-11T17:45:40","guid":{"rendered":"https:\/\/zapala8340.com.ar\/?p=41919"},"modified":"2025-09-11T14:45:40","modified_gmt":"2025-09-11T17:45:40","slug":"el-curso-de-operador-de-maquinas-viales-se-traslado-al-bosque-comunal","status":"publish","type":"post","link":"https:\/\/zapala8340.com.ar\/?p=41919","title":{"rendered":"El curso de operador de m\u00e1quinas viales se traslad\u00f3 al Bosque Comunal"},"content":{"rendered":"\n<h2 class=\"wp-block-heading\">La parte pr\u00e1ctica de la capacitaci\u00f3n ya comenz\u00f3 a desarrollarse el pasado fin de semana. Hasta fines de noviembre los inscriptos seguir\u00e1n sumando conocimientos para concretar su formaci\u00f3n.<\/h2>\n\n\n\n<p>Hace aproximadamente un mes inici\u00f3 una nueva capacitaci\u00f3n en Zapala, la cual capt\u00f3 la atenci\u00f3n de un importante n\u00famero de vecinos y vecinas, cuyo principal objetivo es adquirir los conceptos para manejar maquinaria vial pesada, ejecutar tareas seg\u00fan planos de obra, aplicar medidas de seguridad y realizar el mantenimiento primario de los equipos, en concordancia con las normativas vigentes.<\/p>\n\n\n\n<p>La capacitaci\u00f3n impulsada desde el Municipio se extender\u00e1 hasta el 29 de noviembre y tiene su parte te\u00f3rica entre semana, y los s\u00e1bados, su pr\u00e1ctica en el Bosque Comunal y la Cantera Municipal. De hecho, los alumnos ya tuvieron la posibilidad de experimentar de primera mano en la maquinaria el pasado fin de semana.<\/p>\n\n\n\n<figure class=\"wp-block-image\"><img decoding=\"async\" src=\"https:\/\/www.zapala.gob.ar\/wp-content\/uploads\/2025\/09\/Curso-de-operador-de-maquinas-viales-1-1024x640.jpg\" alt=\"\" class=\"wp-image-32412\"\/><\/figure>\n\n\n\n<p>Cabe recordar que este nuevo curso abri\u00f3 sus inscripciones a mediados de julio y r\u00e1pidamente capt\u00f3 la atenci\u00f3n de un sector de la poblaci\u00f3n, ya que ten\u00eda cupos limitados y estaba dirigida a personas desempleadas, subempleadas y beneficiarias del incentivo a la empleabilidad. Los mismos ten\u00edan que ser mayores de 21 a\u00f1os, con primario completo y carnet de conducir categor\u00eda B1.<\/p>\n\n\n\n<p>Una vez que hayan finalizado y aprobado la cursada, cada operador vial estar\u00e1 apto para manejar retroexcavadoras, excavadoras, motoniveladoras, cargadora frontal, bulldozer, compactadora y pala mec\u00e1nica, entre otros.<\/p>\n\n\n\n<p><em>Subsecretar\u00eda de Prensa<\/em><\/p>\n\n\n\n<figure class=\"wp-block-image size-large\"><img loading=\"lazy\" decoding=\"async\" width=\"1024\" height=\"640\" src=\"https:\/\/zapala8340.com.ar\/wp-content\/uploads\/2025\/09\/image-65-1024x640.png\" alt=\"\" class=\"wp-image-41920\" srcset=\"https:\/\/zapala8340.com.ar\/wp-content\/uploads\/2025\/09\/image-65-1024x640.png 1024w, https:\/\/zapala8340.com.ar\/wp-content\/uploads\/2025\/09\/image-65-300x188.png 300w, https:\/\/zapala8340.com.ar\/wp-content\/uploads\/2025\/09\/image-65-768x480.png 768w, https:\/\/zapala8340.com.ar\/wp-content\/uploads\/2025\/09\/image-65.png 1536w, https:\/\/zapala8340.com.ar\/wp-content\/uploads\/2025\/09\/image-65-800x500.png 800w, https:\/\/zapala8340.com.ar\/wp-content\/uploads\/2025\/09\/image-65-400x250.png 400w\" sizes=\"(max-width: 1024px) 100vw, 1024px\" \/><\/figure>\n","protected":false},"excerpt":{"rendered":"<p>La parte pr\u00e1ctica de la capacitaci\u00f3n ya comenz\u00f3 a desarrollarse el pasado fin de semana&#8230;.<\/p>\n","protected":false},"author":1,"featured_media":41920,"comment_status":"open","ping_status":"open","sticky":false,"template":"","format":"standard","meta":{"footnotes":""},"categories":[8],"tags":[],"class_list":["post-41919","post","type-post","status-publish","format-standard","has-post-thumbnail","hentry","category-zapala"],"_links":{"self":[{"href":"https:\/\/zapala8340.com.ar\/index.php?rest_route=\/wp\/v2\/posts\/41919"}],"collection":[{"href":"https:\/\/zapala8340.com.ar\/index.php?rest_route=\/wp\/v2\/posts"}],"about":[{"href":"https:\/\/zapala8340.com.ar\/index.php?rest_route=\/wp\/v2\/types\/post"}],"author":[{"embeddable":true,"href":"https:\/\/zapala8340.com.ar\/index.php?rest_route=\/wp\/v2\/users\/1"}],"replies":[{"embeddable":true,"href":"https:\/\/zapala8340.com.ar\/index.php?rest_route=%2Fwp%2Fv2%2Fcomments&post=41919"}],"version-history":[{"count":1,"href":"https:\/\/zapala8340.com.ar\/index.php?rest_route=\/wp\/v2\/posts\/41919\/revisions"}],"predecessor-version":[{"id":41921,"href":"https:\/\/zapala8340.com.ar\/index.php?rest_route=\/wp\/v2\/posts\/41919\/revisions\/41921"}],"wp:featuredmedia":[{"embeddable":true,"href":"https:\/\/zapala8340.com.ar\/index.php?rest_route=\/wp\/v2\/media\/41920"}],"wp:attachment":[{"href":"https:\/\/zapala8340.com.ar\/index.php?rest_route=%2Fwp%2Fv2%2Fmedia&parent=41919"}],"wp:term":[{"taxonomy":"category","embeddable":true,"href":"https:\/\/zapala8340.com.ar\/index.php?rest_route=%2Fwp%2Fv2%2Fcategories&post=41919"},{"taxonomy":"post_tag","embeddable":true,"href":"https:\/\/zapala8340.com.ar\/index.php?rest_route=%2Fwp%2Fv2%2Ftags&post=41919"}],"curies":[{"name":"wp","href":"https:\/\/api.w.org\/{rel}","templated":true}]}}