{"id":41936,"date":"2025-09-12T16:46:57","date_gmt":"2025-09-12T19:46:57","guid":{"rendered":"https:\/\/zapala8340.com.ar\/?p=41936"},"modified":"2025-09-12T16:46:58","modified_gmt":"2025-09-12T19:46:58","slug":"causa-cuadernos-la-fiscal-rechazo-el-pedido-de-los-empresarios-que-buscaban-llegar-a-un-acuerdo-economico-y-evitar-el-juicio","status":"publish","type":"post","link":"https:\/\/zapala8340.com.ar\/?p=41936","title":{"rendered":"Causa Cuadernos: la fiscal rechaz\u00f3 el pedido de los empresarios que buscaban llegar a un acuerdo econ\u00f3mico y evitar el juicio"},"content":{"rendered":"\n<h2 class=\"wp-block-heading\">La Unidad de Informaci\u00f3n Financiera (UIF), querellante en el proceso, tambi\u00e9n se opuso. Las defensas de los imputados quieren pagar para quedar fuera del proceso que tiene previsto comenzar el pr\u00f3ximo 6 de noviembre.<\/h2>\n\n\n\n<p>El&nbsp;<strong>Tribunal Oral Federal 7<\/strong>&nbsp;evalu\u00f3 hoy los pedidos de casi 50 imputados en la causa Cuadernos que buscan un acuerdo econ\u00f3mico para evitar ir a juicio, previsto para el pr\u00f3ximo 6 de noviembre.<\/p>\n\n\n\n<p>La audiencia, que se realiz\u00f3 de manera virtual, fue a pedido de la fiscal general&nbsp;<strong>Fabiana Le\u00f3n<\/strong>, quien plante\u00f3 ante los jueces&nbsp;<strong>Enrique M\u00e9ndez Signori, Fernando Canero y Germ\u00e1n Castelli&nbsp;<\/strong>la necesidad de un espacio para que defensores de empresarios y exfuncionarios detallen sus argumentos. All\u00ed, Le\u00f3n rechaz\u00f3 el pedido de los empresarios de pagar para evitar el juicio.<strong>&nbsp;El pr\u00f3ximo martes, cuando se reanude la audiencia, el Tribunal deber\u00e1 tomar una decisi\u00f3n final.<\/strong><\/p>\n\n\n\n<p><strong>\u201cEsta fiscal\u00eda no vende impunidad, se\u00f1ores jueces\u201d,&nbsp;<\/strong>apunt\u00f3 Le\u00f3n en su pedido para que el tribunal rechace el ofrecimiento econ\u00f3mico de los 38 empresarios. La ofrenda es para evitar el juicio y la exposici\u00f3n p\u00fablico. Algunos llegaron a ofrecer m\u00e1s de 800 millones de pesos.<\/p>\n\n\n\n<p><\/p>\n\n\n\n<p>Le\u00f3n pidi\u00f3 hoy rechazar el ofrecimiento de cientos de millones realizado por un grupo de empresarios que forman parte de los 174 acusados en la causa cuadernos, rumbo al inicio del juicio previsto para el 6 de noviembre pr\u00f3ximo. Juan Abal Medina, exjefe de Gabinete kirchnerista, ofreci\u00f3 60 millones de pesos para evitar ir a juicio.<\/p>\n\n\n\n<p>En la audiencia previa, la Unidad de Informaci\u00f3n Financiera (UIF), querellante en el expediente, tambi\u00e9n solicit\u00f3 rechazar los ofrecimientos. En la misma l\u00ednea se expres\u00f3 el chofer Oscar Centeno. Ahora deber\u00e1 resolver el tribunal.<\/p>\n\n\n\n<p>Se estima que&nbsp;<strong>el proceso judicial podr\u00eda durar entre 10 y 20 a\u00f1os<\/strong>, seg\u00fan pudo saber&nbsp;<strong>TN<\/strong>. El juicio contra Cristina Kirchner, apuntada como la cabeza de una asociaci\u00f3n il\u00edcita, comienza el pr\u00f3ximo 6 de noviembre.<\/p>\n\n\n\n<p>La causa tiene 174 procesados,&nbsp;<strong>30 de ellos en calidad de arrepentidos<\/strong>, 26 calificaciones legales distintas seg\u00fan el rol de cada uno y un total de 540 hechos bajo la lupa.<\/p>\n\n\n\n<p>El punto planteando por las defensas de los empresarios que buscan el acuerdo econ\u00f3mico es que un juicio con esa cantidad de acusados, que prev\u00e9 audiencias semanales y m\u00e1s de 600 testigos podr\u00eda extenderse por a\u00f1os, incluyendo la etapa de apelaciones y la revisi\u00f3n final de la Corte Suprema.<\/p>\n\n\n\n<p>En ese marco, pidieron que opine la Unidad de Informaci\u00f3n Financiera (UIF) y el Ministerio P\u00fablico Fiscal.<\/p>\n\n\n\n<p>Algunos de los empresarios que se presentaron son&nbsp;<strong>Benjam\u00edn Romero, Hugo Dragonetti, Armando Loson, Roberto Orazi, Enrique Pescarmona, Rub\u00e9n Valente, Juan Carlos De Goycochea, C\u00e9sar De Goycochea, Mario Maxil, \u00c1ngelo Calcaterra, Javier S\u00e1nchez Caballero, Santiago Altieri, Fabi\u00e1n Ezequiel Garc\u00eda Ram\u00f3n<\/strong>,Sergio Taselli, entre otros.<\/p>\n\n\n\n<p>Seg\u00fan trascendi\u00f3,<strong>&nbsp;Taselli<\/strong>&nbsp;ofreci\u00f3 10 mil d\u00f3lares y&nbsp;<strong>Pescarmona<\/strong>&nbsp;500 millones de pesos. Mientras que&nbsp;<strong>Clarens,<\/strong>&nbsp;financista de los Kirchner, ofreci\u00f3 un barco y un departamento en Estados Unidos por un valor equivalente de<strong>&nbsp;1,5 millones de d\u00f3lares.<\/strong><\/p>\n\n\n\n<p>La reparaci\u00f3n del da\u00f1o es una herramienta prevista en el C\u00f3digo Penal y permite extinguir la acci\u00f3n penal una vez que se abona el monto equivalente al da\u00f1o generado por el delito, evitando as\u00ed el juicio.<\/p>\n\n\n\n<p>A diferencia del juicio abreviado, donde el imputado reconoce los cargos y acuerda una pena con la fiscal\u00eda,&nbsp;<strong>la reparaci\u00f3n no exige admisi\u00f3n de culpa<\/strong>. En caso de que los jueces acepten la propuesta de los empresarios, quedar\u00edan sobrese\u00eddos.<\/p>\n\n\n\n<p>Durante la sesi\u00f3n de hoy, el TOF 7 escuch\u00f3 a los empresarios para que ampl\u00eden sus posturas. Luego, intervino la fiscal Le\u00f3n, y finalmente el tribunal tomar\u00e1 una decisi\u00f3n final el pr\u00f3ximo martes, cuando se retome la audiencia.<\/p>\n\n\n\n<p>La investigaci\u00f3n surgi\u00f3 a ra\u00edz de&nbsp;<strong>las anotaciones que realizaba en un cuaderno Oscar Centeno<\/strong>, chofer de&nbsp;<strong>Roberto Baratta<\/strong>, funcionario clave del entonces ministerio de Planificaci\u00f3n que comandaba&nbsp;<strong>Julio de Vido<\/strong>.<\/p>\n\n\n\n<p>El conductor llevaba registro de los viajes que hac\u00edan funcionarios presuntamente para retirar sobornos pagados por empresarios.<\/p>\n\n\n\n<p>El caso se form\u00f3 a partir de la fusi\u00f3n de varios expedientes, algunos preexistentes a esta causa y otros que se abrieron por las confesiones de los acusados.<\/p>\n\n\n\n<p><\/p>\n\n\n\n<p>En la instrucci\u00f3n se determin\u00f3 que participaron 16 personas, realizando&nbsp;<strong>operaciones por 70 millones de d\u00f3lares<\/strong>. A trav\u00e9s de&nbsp;<strong>empresas offshore, se compraron decenas de bienes inmuebles<\/strong>, de los que una parte qued\u00f3 en manos del Estado.<\/p>\n\n\n\n<p>El listado de bienes est\u00e1 compuesto por casas, estancias, departamentos y hasta una cochera. Los inmuebles est\u00e1n distribuidos en la\u00a0<strong>Ciudad de Buenos Aires, la provincia de Buenos Aires, Santa Cruz y Tierra del Fuego, pero tambi\u00e9n Miami\u00a0<\/strong>y -seg\u00fan se supo ahora- el\u00a0<strong>Caribe<\/strong>.<\/p>\n\n\n\n<p><\/p>\n\n\n\n<p>Fuente TN <br><\/p>\n\n\n\n<figure class=\"wp-block-image size-large\"><img loading=\"lazy\" decoding=\"async\" width=\"1024\" height=\"577\" src=\"https:\/\/zapala8340.com.ar\/wp-content\/uploads\/2025\/09\/image-74-1024x577.png\" alt=\"\" class=\"wp-image-41937\" srcset=\"https:\/\/zapala8340.com.ar\/wp-content\/uploads\/2025\/09\/image-74-1024x577.png 1024w, https:\/\/zapala8340.com.ar\/wp-content\/uploads\/2025\/09\/image-74-300x169.png 300w, https:\/\/zapala8340.com.ar\/wp-content\/uploads\/2025\/09\/image-74-768x433.png 768w, https:\/\/zapala8340.com.ar\/wp-content\/uploads\/2025\/09\/image-74.png 1440w\" sizes=\"(max-width: 1024px) 100vw, 1024px\" \/><\/figure>\n","protected":false},"excerpt":{"rendered":"<p>La Unidad de Informaci\u00f3n Financiera (UIF), querellante en el proceso, tambi\u00e9n se opuso. Las defensas&#8230;<\/p>\n","protected":false},"author":1,"featured_media":41937,"comment_status":"open","ping_status":"open","sticky":false,"template":"","format":"standard","meta":{"footnotes":""},"categories":[16],"tags":[],"class_list":["post-41936","post","type-post","status-publish","format-standard","has-post-thumbnail","hentry","category-politica"],"_links":{"self":[{"href":"https:\/\/zapala8340.com.ar\/index.php?rest_route=\/wp\/v2\/posts\/41936"}],"collection":[{"href":"https:\/\/zapala8340.com.ar\/index.php?rest_route=\/wp\/v2\/posts"}],"about":[{"href":"https:\/\/zapala8340.com.ar\/index.php?rest_route=\/wp\/v2\/types\/post"}],"author":[{"embeddable":true,"href":"https:\/\/zapala8340.com.ar\/index.php?rest_route=\/wp\/v2\/users\/1"}],"replies":[{"embeddable":true,"href":"https:\/\/zapala8340.com.ar\/index.php?rest_route=%2Fwp%2Fv2%2Fcomments&post=41936"}],"version-history":[{"count":1,"href":"https:\/\/zapala8340.com.ar\/index.php?rest_route=\/wp\/v2\/posts\/41936\/revisions"}],"predecessor-version":[{"id":41938,"href":"https:\/\/zapala8340.com.ar\/index.php?rest_route=\/wp\/v2\/posts\/41936\/revisions\/41938"}],"wp:featuredmedia":[{"embeddable":true,"href":"https:\/\/zapala8340.com.ar\/index.php?rest_route=\/wp\/v2\/media\/41937"}],"wp:attachment":[{"href":"https:\/\/zapala8340.com.ar\/index.php?rest_route=%2Fwp%2Fv2%2Fmedia&parent=41936"}],"wp:term":[{"taxonomy":"category","embeddable":true,"href":"https:\/\/zapala8340.com.ar\/index.php?rest_route=%2Fwp%2Fv2%2Fcategories&post=41936"},{"taxonomy":"post_tag","embeddable":true,"href":"https:\/\/zapala8340.com.ar\/index.php?rest_route=%2Fwp%2Fv2%2Ftags&post=41936"}],"curies":[{"name":"wp","href":"https:\/\/api.w.org\/{rel}","templated":true}]}}