{"id":41943,"date":"2025-09-09T17:36:43","date_gmt":"2025-09-09T20:36:43","guid":{"rendered":"https:\/\/zapala8340.com.ar\/?p=41943"},"modified":"2025-09-12T17:38:32","modified_gmt":"2025-09-12T20:38:32","slug":"boxeo-el-titulo-provincial-amateur-juvenil-quedo-en-zapala","status":"publish","type":"post","link":"https:\/\/zapala8340.com.ar\/?p=41943","title":{"rendered":"Boxeo: El T\u00edtulo Provincial Amateur Juvenil qued\u00f3 en Zapala"},"content":{"rendered":"\n<p>El \u00faltimo s\u00e1bado Zapala fue testigo de un gran programa deportivo, con la sexta edici\u00f3n de \u201cLa Nueva Era del Box\u201d en un Gimnasio Fortabat que luci\u00f3 repleto.<\/p>\n\n\n\n<p>Este evento, que cont\u00f3 con la organizaci\u00f3n del Municipio junto a la Federaci\u00f3n Neuquina de Boxeo, el Club Social y Deportivo Uni\u00f3n y Guevara Box, demostr\u00f3 una vez m\u00e1s que el centro de la provincia es un punto clave en el acompa\u00f1amiento y difusi\u00f3n de este deporte.<\/p>\n\n\n\n<figure class=\"wp-block-image size-large\"><img loading=\"lazy\" decoding=\"async\" width=\"1024\" height=\"640\" src=\"https:\/\/zapala8340.com.ar\/wp-content\/uploads\/2025\/09\/image-78-1024x640.png\" alt=\"\" class=\"wp-image-41945\" srcset=\"https:\/\/zapala8340.com.ar\/wp-content\/uploads\/2025\/09\/image-78-1024x640.png 1024w, https:\/\/zapala8340.com.ar\/wp-content\/uploads\/2025\/09\/image-78-300x188.png 300w, https:\/\/zapala8340.com.ar\/wp-content\/uploads\/2025\/09\/image-78-768x480.png 768w, https:\/\/zapala8340.com.ar\/wp-content\/uploads\/2025\/09\/image-78-800x500.png 800w, https:\/\/zapala8340.com.ar\/wp-content\/uploads\/2025\/09\/image-78-400x250.png 400w, https:\/\/zapala8340.com.ar\/wp-content\/uploads\/2025\/09\/image-78.png 1536w\" sizes=\"(max-width: 1024px) 100vw, 1024px\" \/><\/figure>\n\n\n\n<p>Si bien la velada contaba con varios combates, hab\u00eda dos que resaltaban en la grilla por lo que se disputaba: por un lado, el T\u00edtulo Provincial Juvenil hasta 75 kg y por el otro el Combate por el pase a los Juegos Evita en categor\u00eda hasta 69 kg.<\/p>\n\n\n\n<figure class=\"wp-block-image\"><img decoding=\"async\" src=\"https:\/\/www.zapala.gob.ar\/wp-content\/uploads\/2025\/09\/Sexta-edicion-de-La-Nueva-Era-del-Box-3-1024x640.jpg\" alt=\"\" class=\"wp-image-32421\"\/><\/figure>\n\n\n\n<p>En el caso del T\u00edtulo Provincial, el mismo qued\u00f3 para el zapalino Ailton Sotto, pugilista de la Escuela \u201cGuevara Box\u201d, quien se impuso por puntos a Andy Pichihuinca, de la Escuela \u201cEl \u00daltimo Golpe\u201d de San Mart\u00edn de los Andes.<br>Por su parte, el pase a los Juegos Evita se fue para Plottier gracias al triunfo, tambi\u00e9n por puntos, de Le\u00f3n Ulises Blasetti Rojas de la Escuela \u201cLa Fortaleza\u201d ante el local Bautista Urrutia.<\/p>\n\n\n\n<p>Fue, sin dudas, una gran noche para el deporte, en donde muchos talentos emergentes tuvieron la posibilidad de dar sus primeros pasos arriba del cuadril\u00e1tero con muy buenos combates que convirtieron en una caldera las instalaciones del \u201cForta\u201d.<\/p>\n\n\n\n<p>El Intendente Carlos Koopmann fue un vecino m\u00e1s acompa\u00f1ando la velada y aprovech\u00f3 para \u201cfelicitar a todos los boxeadores, sus entrenadores y las familias que acompa\u00f1an este camino lleno de dedicaci\u00f3n, esfuerzo y pasi\u00f3n\u201d. La ciudad sigue forj\u00e1ndose como una de las plazas fuertes del boxeo dentro de la provincia, demostrando el compromiso que la gesti\u00f3n tiene con el desarrollo de nuestros deportistas.<\/p>\n\n\n\n<p><em>Subsecretar\u00eda de Prensa<\/em><\/p>\n\n\n\n<figure class=\"wp-block-image size-large\"><img loading=\"lazy\" decoding=\"async\" width=\"1024\" height=\"640\" src=\"https:\/\/zapala8340.com.ar\/wp-content\/uploads\/2025\/09\/image-77-1024x640.png\" alt=\"\" class=\"wp-image-41944\" srcset=\"https:\/\/zapala8340.com.ar\/wp-content\/uploads\/2025\/09\/image-77-1024x640.png 1024w, https:\/\/zapala8340.com.ar\/wp-content\/uploads\/2025\/09\/image-77-300x188.png 300w, https:\/\/zapala8340.com.ar\/wp-content\/uploads\/2025\/09\/image-77-768x480.png 768w, https:\/\/zapala8340.com.ar\/wp-content\/uploads\/2025\/09\/image-77.png 1536w, https:\/\/zapala8340.com.ar\/wp-content\/uploads\/2025\/09\/image-77-800x500.png 800w, https:\/\/zapala8340.com.ar\/wp-content\/uploads\/2025\/09\/image-77-400x250.png 400w\" sizes=\"(max-width: 1024px) 100vw, 1024px\" \/><\/figure>\n","protected":false},"excerpt":{"rendered":"<p>El \u00faltimo s\u00e1bado Zapala fue testigo de un gran programa deportivo, con la sexta edici\u00f3n&#8230;<\/p>\n","protected":false},"author":1,"featured_media":41944,"comment_status":"open","ping_status":"open","sticky":false,"template":"","format":"standard","meta":{"footnotes":""},"categories":[8],"tags":[],"class_list":["post-41943","post","type-post","status-publish","format-standard","has-post-thumbnail","hentry","category-zapala"],"_links":{"self":[{"href":"https:\/\/zapala8340.com.ar\/index.php?rest_route=\/wp\/v2\/posts\/41943"}],"collection":[{"href":"https:\/\/zapala8340.com.ar\/index.php?rest_route=\/wp\/v2\/posts"}],"about":[{"href":"https:\/\/zapala8340.com.ar\/index.php?rest_route=\/wp\/v2\/types\/post"}],"author":[{"embeddable":true,"href":"https:\/\/zapala8340.com.ar\/index.php?rest_route=\/wp\/v2\/users\/1"}],"replies":[{"embeddable":true,"href":"https:\/\/zapala8340.com.ar\/index.php?rest_route=%2Fwp%2Fv2%2Fcomments&post=41943"}],"version-history":[{"count":1,"href":"https:\/\/zapala8340.com.ar\/index.php?rest_route=\/wp\/v2\/posts\/41943\/revisions"}],"predecessor-version":[{"id":41946,"href":"https:\/\/zapala8340.com.ar\/index.php?rest_route=\/wp\/v2\/posts\/41943\/revisions\/41946"}],"wp:featuredmedia":[{"embeddable":true,"href":"https:\/\/zapala8340.com.ar\/index.php?rest_route=\/wp\/v2\/media\/41944"}],"wp:attachment":[{"href":"https:\/\/zapala8340.com.ar\/index.php?rest_route=%2Fwp%2Fv2%2Fmedia&parent=41943"}],"wp:term":[{"taxonomy":"category","embeddable":true,"href":"https:\/\/zapala8340.com.ar\/index.php?rest_route=%2Fwp%2Fv2%2Fcategories&post=41943"},{"taxonomy":"post_tag","embeddable":true,"href":"https:\/\/zapala8340.com.ar\/index.php?rest_route=%2Fwp%2Fv2%2Ftags&post=41943"}],"curies":[{"name":"wp","href":"https:\/\/api.w.org\/{rel}","templated":true}]}}