{"id":41947,"date":"2025-09-09T17:42:41","date_gmt":"2025-09-09T20:42:41","guid":{"rendered":"https:\/\/zapala8340.com.ar\/?p=41947"},"modified":"2025-09-12T17:44:25","modified_gmt":"2025-09-12T20:44:25","slug":"el-municipio-apunta-a-fortalecer-a-los-jovenes-emprendedores","status":"publish","type":"post","link":"https:\/\/zapala8340.com.ar\/?p=41947","title":{"rendered":"El Municipio apunta a fortalecer a los j\u00f3venes emprendedores"},"content":{"rendered":"\n<h2 class=\"wp-block-heading\">A trav\u00e9s del programa \u201cProyecta Futuro\u201d, se busca acompa\u00f1ar a los j\u00f3venes de entre 18 y 35 a\u00f1os que posean un emprendimiento o una pyme en marcha. La intenci\u00f3n es acompa\u00f1arlos con asistencia t\u00e9cnica, postulaci\u00f3n a financiamientos y capacitaciones, entre otros.<\/h2>\n\n\n\n<figure class=\"wp-block-image size-large\"><img loading=\"lazy\" decoding=\"async\" width=\"1024\" height=\"640\" src=\"https:\/\/zapala8340.com.ar\/wp-content\/uploads\/2025\/09\/image-80-1024x640.png\" alt=\"\" class=\"wp-image-41949\" srcset=\"https:\/\/zapala8340.com.ar\/wp-content\/uploads\/2025\/09\/image-80-1024x640.png 1024w, https:\/\/zapala8340.com.ar\/wp-content\/uploads\/2025\/09\/image-80-300x188.png 300w, https:\/\/zapala8340.com.ar\/wp-content\/uploads\/2025\/09\/image-80-768x480.png 768w, https:\/\/zapala8340.com.ar\/wp-content\/uploads\/2025\/09\/image-80-800x500.png 800w, https:\/\/zapala8340.com.ar\/wp-content\/uploads\/2025\/09\/image-80-400x250.png 400w, https:\/\/zapala8340.com.ar\/wp-content\/uploads\/2025\/09\/image-80.png 1536w\" sizes=\"(max-width: 1024px) 100vw, 1024px\" \/><\/figure>\n\n\n\n<p>El primer paso para este nuevo desaf\u00edo desde el Municipio, fue realizar un relevamiento desde el \u00e1rea de Econom\u00eda Social y Emprendedurismo destinado especialmente a j\u00f3venes registrados en el Registro Municipal de Emprendedores. A partir de all\u00ed, con una cifra cercana al centenar de j\u00f3venes con su emprendimiento activo, se defini\u00f3 trabajar de manera conjunta con la Direcci\u00f3n de Juventud.<\/p>\n\n\n\n<p>La decisi\u00f3n se bas\u00f3 en que dicha \u00e1rea cuenta con un registro amplio de j\u00f3venes, y a partir de all\u00ed se podr\u00e1 detectar a esos emprendedores que a\u00fan no se suman a las pol\u00edticas p\u00fablicas del Municipio, con el objetivo de acompa\u00f1arlos en estos procesos. Se buscar\u00e1 fortalecer emprendimientos o pymes activas mediante asistencia t\u00e9cnica en la formulaci\u00f3n de proyectos, postulaci\u00f3n a financiamientos y capacitaciones en gesti\u00f3n de emprendimientos, entre otros.<\/p>\n\n\n\n<p>Al d\u00eda de la fecha, la localidad cuenta con un gran n\u00famero de emprendimientos activos que participan en el programa de \u201cZapala Emprende\u201d, ya sea en el espacio de comercializaci\u00f3n, Despensa de Alimentos, capacitaciones, o bien recibieron acompa\u00f1amiento en postulaciones y solicitudes de cr\u00e9ditos de fortalecimiento econ\u00f3micos.<\/p>\n\n\n\n<p>Esta es otra iniciativa para potenciar el talento joven y seguir construyendo oportunidades en nuestra ciudad.<\/p>\n\n\n\n<p><em>Subsecretar\u00eda de Prensa<\/em><\/p>\n\n\n\n<figure class=\"wp-block-image size-large\"><img loading=\"lazy\" decoding=\"async\" width=\"1024\" height=\"640\" src=\"https:\/\/zapala8340.com.ar\/wp-content\/uploads\/2025\/09\/image-79-1024x640.png\" alt=\"\" class=\"wp-image-41948\" srcset=\"https:\/\/zapala8340.com.ar\/wp-content\/uploads\/2025\/09\/image-79-1024x640.png 1024w, https:\/\/zapala8340.com.ar\/wp-content\/uploads\/2025\/09\/image-79-300x188.png 300w, https:\/\/zapala8340.com.ar\/wp-content\/uploads\/2025\/09\/image-79-768x480.png 768w, https:\/\/zapala8340.com.ar\/wp-content\/uploads\/2025\/09\/image-79.png 1536w, https:\/\/zapala8340.com.ar\/wp-content\/uploads\/2025\/09\/image-79-800x500.png 800w, https:\/\/zapala8340.com.ar\/wp-content\/uploads\/2025\/09\/image-79-400x250.png 400w\" sizes=\"(max-width: 1024px) 100vw, 1024px\" \/><\/figure>\n","protected":false},"excerpt":{"rendered":"<p>A trav\u00e9s del programa \u201cProyecta Futuro\u201d, se busca acompa\u00f1ar a los j\u00f3venes de entre 18&#8230;<\/p>\n","protected":false},"author":1,"featured_media":41948,"comment_status":"open","ping_status":"open","sticky":false,"template":"","format":"standard","meta":{"footnotes":""},"categories":[8],"tags":[],"class_list":["post-41947","post","type-post","status-publish","format-standard","has-post-thumbnail","hentry","category-zapala"],"_links":{"self":[{"href":"https:\/\/zapala8340.com.ar\/index.php?rest_route=\/wp\/v2\/posts\/41947"}],"collection":[{"href":"https:\/\/zapala8340.com.ar\/index.php?rest_route=\/wp\/v2\/posts"}],"about":[{"href":"https:\/\/zapala8340.com.ar\/index.php?rest_route=\/wp\/v2\/types\/post"}],"author":[{"embeddable":true,"href":"https:\/\/zapala8340.com.ar\/index.php?rest_route=\/wp\/v2\/users\/1"}],"replies":[{"embeddable":true,"href":"https:\/\/zapala8340.com.ar\/index.php?rest_route=%2Fwp%2Fv2%2Fcomments&post=41947"}],"version-history":[{"count":1,"href":"https:\/\/zapala8340.com.ar\/index.php?rest_route=\/wp\/v2\/posts\/41947\/revisions"}],"predecessor-version":[{"id":41950,"href":"https:\/\/zapala8340.com.ar\/index.php?rest_route=\/wp\/v2\/posts\/41947\/revisions\/41950"}],"wp:featuredmedia":[{"embeddable":true,"href":"https:\/\/zapala8340.com.ar\/index.php?rest_route=\/wp\/v2\/media\/41948"}],"wp:attachment":[{"href":"https:\/\/zapala8340.com.ar\/index.php?rest_route=%2Fwp%2Fv2%2Fmedia&parent=41947"}],"wp:term":[{"taxonomy":"category","embeddable":true,"href":"https:\/\/zapala8340.com.ar\/index.php?rest_route=%2Fwp%2Fv2%2Fcategories&post=41947"},{"taxonomy":"post_tag","embeddable":true,"href":"https:\/\/zapala8340.com.ar\/index.php?rest_route=%2Fwp%2Fv2%2Ftags&post=41947"}],"curies":[{"name":"wp","href":"https:\/\/api.w.org\/{rel}","templated":true}]}}