{"id":41951,"date":"2025-09-09T17:44:34","date_gmt":"2025-09-09T20:44:34","guid":{"rendered":"https:\/\/zapala8340.com.ar\/?p=41951"},"modified":"2025-09-12T17:46:17","modified_gmt":"2025-09-12T20:46:17","slug":"zapala-recicla-comenzo-la-campana-informativa-en-el-b-pino-azul","status":"publish","type":"post","link":"https:\/\/zapala8340.com.ar\/?p=41951","title":{"rendered":"Zapala Recicla: comenz\u00f3 la campa\u00f1a informativa en el B\u00b0 Pino Azul"},"content":{"rendered":"\n<p>El programa \u201cZapala Recicla\u201d, que tuvo su inicio a fines de junio en el B\u00b0 Ren\u00e9 Favaloro, contin\u00faa avanzando y el pasado viernes desembarc\u00f3 en el B\u00b0 Pino Azul. En esta ocasi\u00f3n, se realiz\u00f3 una jornada informativa casa por casa, donde los equipos municipales dialogaron con los vecinos y vecinas sobre la importancia de sumarse a esta propuesta.<\/p>\n\n\n\n<figure class=\"wp-block-image size-large\"><img loading=\"lazy\" decoding=\"async\" width=\"1024\" height=\"640\" src=\"https:\/\/zapala8340.com.ar\/wp-content\/uploads\/2025\/09\/image-82-1024x640.png\" alt=\"\" class=\"wp-image-41953\" srcset=\"https:\/\/zapala8340.com.ar\/wp-content\/uploads\/2025\/09\/image-82-1024x640.png 1024w, https:\/\/zapala8340.com.ar\/wp-content\/uploads\/2025\/09\/image-82-300x188.png 300w, https:\/\/zapala8340.com.ar\/wp-content\/uploads\/2025\/09\/image-82-768x480.png 768w, https:\/\/zapala8340.com.ar\/wp-content\/uploads\/2025\/09\/image-82-800x500.png 800w, https:\/\/zapala8340.com.ar\/wp-content\/uploads\/2025\/09\/image-82-400x250.png 400w, https:\/\/zapala8340.com.ar\/wp-content\/uploads\/2025\/09\/image-82.png 1536w\" sizes=\"(max-width: 1024px) 100vw, 1024px\" \/><\/figure>\n\n\n\n<p>Durante todo el mes de septiembre se llevar\u00e1 adelante esta primera etapa de acercamiento, brindando detalles sobre el funcionamiento del programa y entregando imanes con el d\u00eda y horario del retiro puerta a puerta. El objetivo es que cada familia cuente con la informaci\u00f3n necesaria para comenzar a separar sus residuos en el hogar.<\/p>\n\n\n\n<p>Una vez finalizada esta fase, en octubre comenzar\u00e1 la recolecci\u00f3n diferenciada de residuos reciclables, que tendr\u00e1 lugar todos los mi\u00e9rcoles entre las 14 y las 18 hs. En esta instancia, se solicita a los hogares que preparen papel, cart\u00f3n, vidrio y pl\u00e1stico limpios, deposit\u00e1ndolos en bolsas o cajas que ser\u00e1n retiradas semanalmente.<\/p>\n\n\n\n<p>Posteriormente, todo el material recolectado ser\u00e1 trasladado a la Cooperativa \u201cManos a la Obra\u201d, que tendr\u00e1 la tarea de clasificarlo y darle el tratamiento correspondiente, garantizando as\u00ed que los residuos se transformen en recursos. La iniciativa representa mucho m\u00e1s que un simple cronograma de recolecci\u00f3n: es un paso fundamental hacia la econom\u00eda circular, un modelo que promueve la reducci\u00f3n del impacto ambiental y fomenta un uso m\u00e1s responsable de los recursos.<\/p>\n\n\n\n<p>De esta manera, \u201cZapala Recicla\u201d invita a cada vecino y vecina a ser protagonista del cambio, entendiendo que peque\u00f1as acciones cotidianas, como separar los residuos, pueden generar grandes transformaciones para la ciudad.<\/p>\n\n\n\n<p><em>Subsecretar\u00eda de Prensa<\/em><\/p>\n\n\n\n<p><\/p>\n\n\n\n<p><\/p>\n\n\n\n<figure class=\"wp-block-image size-large\"><img loading=\"lazy\" decoding=\"async\" width=\"1024\" height=\"640\" src=\"https:\/\/zapala8340.com.ar\/wp-content\/uploads\/2025\/09\/image-81-1024x640.png\" alt=\"\" class=\"wp-image-41952\" srcset=\"https:\/\/zapala8340.com.ar\/wp-content\/uploads\/2025\/09\/image-81-1024x640.png 1024w, https:\/\/zapala8340.com.ar\/wp-content\/uploads\/2025\/09\/image-81-300x188.png 300w, https:\/\/zapala8340.com.ar\/wp-content\/uploads\/2025\/09\/image-81-768x480.png 768w, https:\/\/zapala8340.com.ar\/wp-content\/uploads\/2025\/09\/image-81.png 1536w, https:\/\/zapala8340.com.ar\/wp-content\/uploads\/2025\/09\/image-81-800x500.png 800w, https:\/\/zapala8340.com.ar\/wp-content\/uploads\/2025\/09\/image-81-400x250.png 400w\" sizes=\"(max-width: 1024px) 100vw, 1024px\" \/><\/figure>\n","protected":false},"excerpt":{"rendered":"<p>El programa \u201cZapala Recicla\u201d, que tuvo su inicio a fines de junio en el B\u00b0&#8230;<\/p>\n","protected":false},"author":1,"featured_media":41952,"comment_status":"open","ping_status":"open","sticky":false,"template":"","format":"standard","meta":{"footnotes":""},"categories":[8],"tags":[],"class_list":["post-41951","post","type-post","status-publish","format-standard","has-post-thumbnail","hentry","category-zapala"],"_links":{"self":[{"href":"https:\/\/zapala8340.com.ar\/index.php?rest_route=\/wp\/v2\/posts\/41951"}],"collection":[{"href":"https:\/\/zapala8340.com.ar\/index.php?rest_route=\/wp\/v2\/posts"}],"about":[{"href":"https:\/\/zapala8340.com.ar\/index.php?rest_route=\/wp\/v2\/types\/post"}],"author":[{"embeddable":true,"href":"https:\/\/zapala8340.com.ar\/index.php?rest_route=\/wp\/v2\/users\/1"}],"replies":[{"embeddable":true,"href":"https:\/\/zapala8340.com.ar\/index.php?rest_route=%2Fwp%2Fv2%2Fcomments&post=41951"}],"version-history":[{"count":1,"href":"https:\/\/zapala8340.com.ar\/index.php?rest_route=\/wp\/v2\/posts\/41951\/revisions"}],"predecessor-version":[{"id":41954,"href":"https:\/\/zapala8340.com.ar\/index.php?rest_route=\/wp\/v2\/posts\/41951\/revisions\/41954"}],"wp:featuredmedia":[{"embeddable":true,"href":"https:\/\/zapala8340.com.ar\/index.php?rest_route=\/wp\/v2\/media\/41952"}],"wp:attachment":[{"href":"https:\/\/zapala8340.com.ar\/index.php?rest_route=%2Fwp%2Fv2%2Fmedia&parent=41951"}],"wp:term":[{"taxonomy":"category","embeddable":true,"href":"https:\/\/zapala8340.com.ar\/index.php?rest_route=%2Fwp%2Fv2%2Fcategories&post=41951"},{"taxonomy":"post_tag","embeddable":true,"href":"https:\/\/zapala8340.com.ar\/index.php?rest_route=%2Fwp%2Fv2%2Ftags&post=41951"}],"curies":[{"name":"wp","href":"https:\/\/api.w.org\/{rel}","templated":true}]}}