{"id":41962,"date":"2025-09-12T18:54:01","date_gmt":"2025-09-12T21:54:01","guid":{"rendered":"https:\/\/zapala8340.com.ar\/?p=41962"},"modified":"2025-09-12T18:54:02","modified_gmt":"2025-09-12T21:54:02","slug":"emprendedores-ya-palpitan-otra-edicion-de-zapala-emprende","status":"publish","type":"post","link":"https:\/\/zapala8340.com.ar\/?p=41962","title":{"rendered":"Emprendedores ya palpitan otra edici\u00f3n de \u201cZapala Emprende\u201d"},"content":{"rendered":"\n<h2 class=\"wp-block-heading\">Organizaci\u00f3n y protagonistas tuvieron una reuni\u00f3n para conocer detalles de la 60\u00b0 edici\u00f3n, que se llevar\u00e1 a cabo este viernes y s\u00e1bado en el Paseo La Estaci\u00f3n.<\/h2>\n\n\n\n<p>El espacio que re\u00fane emprendedores de todas las edades celebra una edici\u00f3n m\u00e1s, y se espera una gran convocatoria de vecinos y vecinas que buscar\u00e1n adquirir productos de elaboraci\u00f3n y creaci\u00f3n 100% zapalina. La primera de las jornadas se desarrollar\u00e1 de 17 a 22 horas, mientras que la segunda comenzar\u00e1 a las 16 horas y se extender\u00e1 hasta las 23 hs.<\/p>\n\n\n\n<p>Adem\u00e1s de los tradicionales stands, se espera la presentaci\u00f3n de diferentes espect\u00e1culos, sorteos, tortas y chocolate, entre otros. Se inform\u00f3 que los artesanos, emprendedores y productores presentes en \u00e9sta oportunidad rozar\u00e1 el centenar, habiendo espacios tanto dentro como fuera del galp\u00f3n.<\/p>\n\n\n\n<figure class=\"wp-block-image\"><img decoding=\"async\" src=\"https:\/\/www.zapala.gob.ar\/wp-content\/uploads\/2025\/09\/Zapala-Emprende-1-1-1024x640.jpg\" alt=\"\" class=\"wp-image-32443\"\/><\/figure>\n\n\n\n<p>Con respecto a la reuni\u00f3n que mantuvieron los preinscriptos, se desarroll\u00f3 el pasado lunes, donde una gran cantidad de emprendedores estuvieron presentes, y otros participaron de manera virtual. All\u00ed, la organizaci\u00f3n a cargo del Municipio comparti\u00f3 detalles de ambas jornadas, y tambi\u00e9n se realiz\u00f3 el sorteo para la distribuci\u00f3n de los espacios.<\/p>\n\n\n\n<p>A trav\u00e9s de estas instancias Zapala sigue fortaleciendo el acompa\u00f1amiento y la planificaci\u00f3n conjunta para que cada edici\u00f3n sea un \u00e9xito. Cabe recordar, que el ingreso al galp\u00f3n negro del Paseo La Estaci\u00f3n es libre y gratuito.<\/p>\n\n\n\n<p><em>Subsecretar\u00eda de Prensa<\/em><\/p>\n\n\n\n<figure class=\"wp-block-image size-large\"><img loading=\"lazy\" decoding=\"async\" width=\"1024\" height=\"640\" src=\"https:\/\/zapala8340.com.ar\/wp-content\/uploads\/2025\/09\/image-86-1024x640.png\" alt=\"\" class=\"wp-image-41963\" srcset=\"https:\/\/zapala8340.com.ar\/wp-content\/uploads\/2025\/09\/image-86-1024x640.png 1024w, https:\/\/zapala8340.com.ar\/wp-content\/uploads\/2025\/09\/image-86-300x188.png 300w, https:\/\/zapala8340.com.ar\/wp-content\/uploads\/2025\/09\/image-86-768x480.png 768w, https:\/\/zapala8340.com.ar\/wp-content\/uploads\/2025\/09\/image-86.png 1536w, https:\/\/zapala8340.com.ar\/wp-content\/uploads\/2025\/09\/image-86-800x500.png 800w, https:\/\/zapala8340.com.ar\/wp-content\/uploads\/2025\/09\/image-86-400x250.png 400w\" sizes=\"(max-width: 1024px) 100vw, 1024px\" \/><\/figure>\n","protected":false},"excerpt":{"rendered":"<p>Organizaci\u00f3n y protagonistas tuvieron una reuni\u00f3n para conocer detalles de la 60\u00b0 edici\u00f3n, que se&#8230;<\/p>\n","protected":false},"author":1,"featured_media":41963,"comment_status":"open","ping_status":"open","sticky":false,"template":"","format":"standard","meta":{"footnotes":""},"categories":[8],"tags":[],"class_list":["post-41962","post","type-post","status-publish","format-standard","has-post-thumbnail","hentry","category-zapala"],"_links":{"self":[{"href":"https:\/\/zapala8340.com.ar\/index.php?rest_route=\/wp\/v2\/posts\/41962"}],"collection":[{"href":"https:\/\/zapala8340.com.ar\/index.php?rest_route=\/wp\/v2\/posts"}],"about":[{"href":"https:\/\/zapala8340.com.ar\/index.php?rest_route=\/wp\/v2\/types\/post"}],"author":[{"embeddable":true,"href":"https:\/\/zapala8340.com.ar\/index.php?rest_route=\/wp\/v2\/users\/1"}],"replies":[{"embeddable":true,"href":"https:\/\/zapala8340.com.ar\/index.php?rest_route=%2Fwp%2Fv2%2Fcomments&post=41962"}],"version-history":[{"count":1,"href":"https:\/\/zapala8340.com.ar\/index.php?rest_route=\/wp\/v2\/posts\/41962\/revisions"}],"predecessor-version":[{"id":41964,"href":"https:\/\/zapala8340.com.ar\/index.php?rest_route=\/wp\/v2\/posts\/41962\/revisions\/41964"}],"wp:featuredmedia":[{"embeddable":true,"href":"https:\/\/zapala8340.com.ar\/index.php?rest_route=\/wp\/v2\/media\/41963"}],"wp:attachment":[{"href":"https:\/\/zapala8340.com.ar\/index.php?rest_route=%2Fwp%2Fv2%2Fmedia&parent=41962"}],"wp:term":[{"taxonomy":"category","embeddable":true,"href":"https:\/\/zapala8340.com.ar\/index.php?rest_route=%2Fwp%2Fv2%2Fcategories&post=41962"},{"taxonomy":"post_tag","embeddable":true,"href":"https:\/\/zapala8340.com.ar\/index.php?rest_route=%2Fwp%2Fv2%2Ftags&post=41962"}],"curies":[{"name":"wp","href":"https:\/\/api.w.org\/{rel}","templated":true}]}}