{"id":41981,"date":"2025-09-11T18:24:31","date_gmt":"2025-09-11T21:24:31","guid":{"rendered":"https:\/\/zapala8340.com.ar\/?p=41981"},"modified":"2025-09-14T18:24:43","modified_gmt":"2025-09-14T21:24:43","slug":"la-historica-plaza-del-barrio-don-bosco-ya-tiene-nueva-iluminacion","status":"publish","type":"post","link":"https:\/\/zapala8340.com.ar\/?p=41981","title":{"rendered":"La hist\u00f3rica plaza del barrio Don Bosco ya tiene nueva iluminaci\u00f3n"},"content":{"rendered":"\n<h2 class=\"wp-block-heading\">Luego de un trabajo que demand\u00f3 aproximadamente cuatro meses, el espacio verde ya concret\u00f3 su primera gran renovaci\u00f3n: 90 luminarias LED. Ahora, las obras continuar\u00e1n con el riego autom\u00e1tico, c\u00e9sped, nuevo mobiliario urbano y veredas internas, entre otras.<\/h2>\n\n\n\n<p>Vecinos hist\u00f3ricos del sector, trabajadores de la Cooperativa de Energ\u00eda El\u00e9ctrica de Zapala, funcionarios locales y el intendente Carlos Koopmann se dieron cita el pasado mi\u00e9rcoles por la noche al encendido formal de las nuevas luminarias de la plaza Hip\u00f3lito Yrigoyen. Una vez que la cuenta regresiva lleg\u00f3 a cero, el cambio fue rotundo y la plaza nunca en su historia estuvo tan iluminada.<\/p>\n\n\n\n<p>Entre los aplausos de los presentes y la emoci\u00f3n por haber concretado otra obra, el jefe comunal dijo que las luminarias no solo colaborar\u00e1n para embellecer el espacio, sino que adem\u00e1s brindar\u00e1n mayor seguridad a los transe\u00fantes y familias. Eso, sumado al ahorro energ\u00e9tico y el impacto positivo con el ambiente que representa esta tecnolog\u00eda LED.<\/p>\n\n\n\n<figure class=\"wp-block-image\"><img decoding=\"async\" src=\"https:\/\/www.zapala.gob.ar\/wp-content\/uploads\/2025\/09\/Nueva-iluminacion-Plaza-del-barrio-Don-Bosco-2-1024x640.jpg\" alt=\"\" class=\"wp-image-32466\"\/><\/figure>\n\n\n\n<p>Por su parte, Juan Carlos Mc Kidd, referente de la CEEZ, dijo que \u201cesta es otra obra que realizamos junto a la Municipalidad. Ha sido un placer poder concretar este avance, y poner a la Cooperativa al servicio de la comunidad, que es el fin \u00faltimo de nuestro trabajo\u201d.<\/p>\n\n\n\n<figure class=\"wp-block-image size-full\"><img loading=\"lazy\" decoding=\"async\" width=\"1024\" height=\"640\" src=\"https:\/\/zapala8340.com.ar\/wp-content\/uploads\/2025\/09\/image-93.png\" alt=\"\" class=\"wp-image-41983\" srcset=\"https:\/\/zapala8340.com.ar\/wp-content\/uploads\/2025\/09\/image-93.png 1024w, https:\/\/zapala8340.com.ar\/wp-content\/uploads\/2025\/09\/image-93-300x188.png 300w, https:\/\/zapala8340.com.ar\/wp-content\/uploads\/2025\/09\/image-93-768x480.png 768w, https:\/\/zapala8340.com.ar\/wp-content\/uploads\/2025\/09\/image-93-800x500.png 800w, https:\/\/zapala8340.com.ar\/wp-content\/uploads\/2025\/09\/image-93-400x250.png 400w\" sizes=\"(max-width: 1024px) 100vw, 1024px\" \/><\/figure>\n\n\n\n<p>Koopmann continu\u00f3 agradeciendo a todos los vecinos del barrio que no quisieron perderse el encendio, al personal de la CEEZ por el trabajo de los \u00faltimos cuatro meses y anticip\u00f3 que seguir\u00e1n con las reformas y obras en cada sector que la comunidad demande. \u201cTengo un sentimiento especial por este barrio. Ahora qued\u00f3 casi a la altura de la plaza de Los Pr\u00f3ceres. Empezaremos a trabajar en la terminaci\u00f3n de las veredas internas, colocar el riego autom\u00e1tico, el c\u00e9sped y los nuevos bancos. Les agradecemos a todos por la paciencia que han tenido\u201d, cerr\u00f3.<\/p>\n\n\n\n<p><em>Subsecretar\u00eda de Prensa<\/em><\/p>\n\n\n\n<figure class=\"wp-block-image size-large\"><img loading=\"lazy\" decoding=\"async\" width=\"1024\" height=\"640\" src=\"https:\/\/zapala8340.com.ar\/wp-content\/uploads\/2025\/09\/image-92-1024x640.png\" alt=\"\" class=\"wp-image-41982\" srcset=\"https:\/\/zapala8340.com.ar\/wp-content\/uploads\/2025\/09\/image-92-1024x640.png 1024w, https:\/\/zapala8340.com.ar\/wp-content\/uploads\/2025\/09\/image-92-300x188.png 300w, https:\/\/zapala8340.com.ar\/wp-content\/uploads\/2025\/09\/image-92-768x480.png 768w, https:\/\/zapala8340.com.ar\/wp-content\/uploads\/2025\/09\/image-92.png 1536w, https:\/\/zapala8340.com.ar\/wp-content\/uploads\/2025\/09\/image-92-800x500.png 800w, https:\/\/zapala8340.com.ar\/wp-content\/uploads\/2025\/09\/image-92-400x250.png 400w\" sizes=\"(max-width: 1024px) 100vw, 1024px\" \/><\/figure>\n","protected":false},"excerpt":{"rendered":"<p>Luego de un trabajo que demand\u00f3 aproximadamente cuatro meses, el espacio verde ya concret\u00f3 su&#8230;<\/p>\n","protected":false},"author":1,"featured_media":41982,"comment_status":"open","ping_status":"open","sticky":false,"template":"","format":"standard","meta":{"footnotes":""},"categories":[8],"tags":[],"class_list":["post-41981","post","type-post","status-publish","format-standard","has-post-thumbnail","hentry","category-zapala"],"_links":{"self":[{"href":"https:\/\/zapala8340.com.ar\/index.php?rest_route=\/wp\/v2\/posts\/41981"}],"collection":[{"href":"https:\/\/zapala8340.com.ar\/index.php?rest_route=\/wp\/v2\/posts"}],"about":[{"href":"https:\/\/zapala8340.com.ar\/index.php?rest_route=\/wp\/v2\/types\/post"}],"author":[{"embeddable":true,"href":"https:\/\/zapala8340.com.ar\/index.php?rest_route=\/wp\/v2\/users\/1"}],"replies":[{"embeddable":true,"href":"https:\/\/zapala8340.com.ar\/index.php?rest_route=%2Fwp%2Fv2%2Fcomments&post=41981"}],"version-history":[{"count":1,"href":"https:\/\/zapala8340.com.ar\/index.php?rest_route=\/wp\/v2\/posts\/41981\/revisions"}],"predecessor-version":[{"id":41984,"href":"https:\/\/zapala8340.com.ar\/index.php?rest_route=\/wp\/v2\/posts\/41981\/revisions\/41984"}],"wp:featuredmedia":[{"embeddable":true,"href":"https:\/\/zapala8340.com.ar\/index.php?rest_route=\/wp\/v2\/media\/41982"}],"wp:attachment":[{"href":"https:\/\/zapala8340.com.ar\/index.php?rest_route=%2Fwp%2Fv2%2Fmedia&parent=41981"}],"wp:term":[{"taxonomy":"category","embeddable":true,"href":"https:\/\/zapala8340.com.ar\/index.php?rest_route=%2Fwp%2Fv2%2Fcategories&post=41981"},{"taxonomy":"post_tag","embeddable":true,"href":"https:\/\/zapala8340.com.ar\/index.php?rest_route=%2Fwp%2Fv2%2Ftags&post=41981"}],"curies":[{"name":"wp","href":"https:\/\/api.w.org\/{rel}","templated":true}]}}