{"id":41988,"date":"2025-09-12T18:34:28","date_gmt":"2025-09-12T21:34:28","guid":{"rendered":"https:\/\/zapala8340.com.ar\/?p=41988"},"modified":"2025-09-14T18:35:49","modified_gmt":"2025-09-14T21:35:49","slug":"el-intendente-recibio-a-dos-campeones-nacionales-surgidos-en-zapala","status":"publish","type":"post","link":"https:\/\/zapala8340.com.ar\/?p=41988","title":{"rendered":"El intendente recibi\u00f3 a dos campeones nacionales surgidos en Zapala"},"content":{"rendered":"\n<p>Se trata de la futbolista Valentina Calfum\u00e1n y el patinador Santiago Yunes Appa, quienes recientemente obtuvieron logros a nivel nacional y buscan cerrar un 2025 con nuevas competencias.<\/p>\n\n\n\n<p>Carlos Koopmann felicit\u00f3 y conoci\u00f3 m\u00e1s sobre el pasado y presente de dos de los deportistas que se han destacado durante las \u00faltimas semanas. Formados deportivamente en la localidad, tuvieron la chance de representar a la provincia en diferentes eventos, y no solo eso, sino coronarse campeones.<\/p>\n\n\n\n<figure class=\"wp-block-image size-full\"><img loading=\"lazy\" decoding=\"async\" width=\"1024\" height=\"640\" src=\"https:\/\/zapala8340.com.ar\/wp-content\/uploads\/2025\/09\/image-96.png\" alt=\"\" class=\"wp-image-41990\" srcset=\"https:\/\/zapala8340.com.ar\/wp-content\/uploads\/2025\/09\/image-96.png 1024w, https:\/\/zapala8340.com.ar\/wp-content\/uploads\/2025\/09\/image-96-300x188.png 300w, https:\/\/zapala8340.com.ar\/wp-content\/uploads\/2025\/09\/image-96-768x480.png 768w, https:\/\/zapala8340.com.ar\/wp-content\/uploads\/2025\/09\/image-96-800x500.png 800w, https:\/\/zapala8340.com.ar\/wp-content\/uploads\/2025\/09\/image-96-400x250.png 400w\" sizes=\"(max-width: 1024px) 100vw, 1024px\" \/><\/figure>\n\n\n\n<p>En el caso de Valentina, integr\u00f3 la Selecci\u00f3n Neuquina Sub15 en el Torneo Nacional disputado en Santiago del Estero. All\u00ed, le ganaron la final a Tucum\u00e1n por 2 a 0, con un fuerte protagonismo de la defensora central. Sus inicios se dieron en la Escuela Municipal de F\u00fatbol cuando apenas ten\u00eda cinco a\u00f1os, luego jug\u00f3 en el Club Don Bosco y desde all\u00ed fue observada por la selecci\u00f3n provincial.<\/p>\n\n\n\n<p>Ya tuvo la chance de jugar los Juegos de la Araucan\u00eda en Chile, los EPADE en La Pampa y a futuro, se alista para los Juegos de la Araucan\u00eda que tendr\u00e1n lugar a fin de a\u00f1o en Tierra del Fuego.<\/p>\n\n\n\n<figure class=\"wp-block-image\"><img decoding=\"async\" src=\"https:\/\/www.zapala.gob.ar\/wp-content\/uploads\/2025\/09\/Campeones-Valentina-Calfuman-Santiago-Yunes-Appa-2-1024x640.jpg\" alt=\"\" class=\"wp-image-32480\"\/><\/figure>\n\n\n\n<p>Por su parte, Santiago Yunes Appa, tiene 19 a\u00f1os y practica pat\u00edn art\u00edstico desde hace m\u00e1s de una d\u00e9cada. Junto a su profesora, y fundadora de \u201cLoop Fusi\u00f3n\u201d, obtuvieron la medalla de oro en el Campeonato Nacional desarrollado en San Juan hace algunas semanas.<\/p>\n\n\n\n<p>Desde el Municipio analizaron junto a los protagonistas la posibilidad de gestionar un espacio f\u00edsico para que la academia de pat\u00edn art\u00edstico pueda entrenarse sin inconvenientes junto a sus casi 30 alumnos\/as. Asimismo, la academia y el Municipio comenzar\u00e1n a trabajar de manera conjunta para poder organizar un torneo provincial con sede en Zapala en el 2026. Todo ello, en la previa a la exhibici\u00f3n y el show de fin de a\u00f1o que tendr\u00eda lugar en el gimnasio del Tiro Federal.<\/p>\n\n\n\n<p>De los encuentros en la Sala de Reuniones \u201cMalvinas Argentinas\u201d tambi\u00e9n formaron parte las familias de los deportistas y el Secretario de Deportes, Daniel Llorenti.<\/p>\n\n\n\n<p><em>Subsecretar\u00eda de Prensa<\/em><\/p>\n\n\n\n<figure class=\"wp-block-image size-large\"><img loading=\"lazy\" decoding=\"async\" width=\"1024\" height=\"640\" src=\"https:\/\/zapala8340.com.ar\/wp-content\/uploads\/2025\/09\/image-95-1024x640.png\" alt=\"\" class=\"wp-image-41989\" srcset=\"https:\/\/zapala8340.com.ar\/wp-content\/uploads\/2025\/09\/image-95-1024x640.png 1024w, https:\/\/zapala8340.com.ar\/wp-content\/uploads\/2025\/09\/image-95-300x188.png 300w, https:\/\/zapala8340.com.ar\/wp-content\/uploads\/2025\/09\/image-95-768x480.png 768w, https:\/\/zapala8340.com.ar\/wp-content\/uploads\/2025\/09\/image-95.png 1536w, https:\/\/zapala8340.com.ar\/wp-content\/uploads\/2025\/09\/image-95-800x500.png 800w, https:\/\/zapala8340.com.ar\/wp-content\/uploads\/2025\/09\/image-95-400x250.png 400w\" sizes=\"(max-width: 1024px) 100vw, 1024px\" \/><\/figure>\n","protected":false},"excerpt":{"rendered":"<p>Se trata de la futbolista Valentina Calfum\u00e1n y el patinador Santiago Yunes Appa, quienes recientemente&#8230;<\/p>\n","protected":false},"author":1,"featured_media":41989,"comment_status":"open","ping_status":"open","sticky":false,"template":"","format":"standard","meta":{"footnotes":""},"categories":[8],"tags":[],"class_list":["post-41988","post","type-post","status-publish","format-standard","has-post-thumbnail","hentry","category-zapala"],"_links":{"self":[{"href":"https:\/\/zapala8340.com.ar\/index.php?rest_route=\/wp\/v2\/posts\/41988"}],"collection":[{"href":"https:\/\/zapala8340.com.ar\/index.php?rest_route=\/wp\/v2\/posts"}],"about":[{"href":"https:\/\/zapala8340.com.ar\/index.php?rest_route=\/wp\/v2\/types\/post"}],"author":[{"embeddable":true,"href":"https:\/\/zapala8340.com.ar\/index.php?rest_route=\/wp\/v2\/users\/1"}],"replies":[{"embeddable":true,"href":"https:\/\/zapala8340.com.ar\/index.php?rest_route=%2Fwp%2Fv2%2Fcomments&post=41988"}],"version-history":[{"count":1,"href":"https:\/\/zapala8340.com.ar\/index.php?rest_route=\/wp\/v2\/posts\/41988\/revisions"}],"predecessor-version":[{"id":41991,"href":"https:\/\/zapala8340.com.ar\/index.php?rest_route=\/wp\/v2\/posts\/41988\/revisions\/41991"}],"wp:featuredmedia":[{"embeddable":true,"href":"https:\/\/zapala8340.com.ar\/index.php?rest_route=\/wp\/v2\/media\/41989"}],"wp:attachment":[{"href":"https:\/\/zapala8340.com.ar\/index.php?rest_route=%2Fwp%2Fv2%2Fmedia&parent=41988"}],"wp:term":[{"taxonomy":"category","embeddable":true,"href":"https:\/\/zapala8340.com.ar\/index.php?rest_route=%2Fwp%2Fv2%2Fcategories&post=41988"},{"taxonomy":"post_tag","embeddable":true,"href":"https:\/\/zapala8340.com.ar\/index.php?rest_route=%2Fwp%2Fv2%2Ftags&post=41988"}],"curies":[{"name":"wp","href":"https:\/\/api.w.org\/{rel}","templated":true}]}}