{"id":41992,"date":"2025-09-12T18:36:01","date_gmt":"2025-09-12T21:36:01","guid":{"rendered":"https:\/\/zapala8340.com.ar\/?p=41992"},"modified":"2025-09-14T18:38:51","modified_gmt":"2025-09-14T21:38:51","slug":"el-municipio-esta-listo-para-actuar-ante-emergencias","status":"publish","type":"post","link":"https:\/\/zapala8340.com.ar\/?p=41992","title":{"rendered":"El Municipio est\u00e1 listo para actuar ante emergencias"},"content":{"rendered":"\n<p>El intendente recibi\u00f3 de parte de la Cooperativa de Energ\u00eda El\u00e9ctrica de Zapala, un total de cinco desfibriladores que ser\u00e1n distribuidos en espacios claves del Municipio para poder actuar frente a situaciones de emergencia.<\/p>\n\n\n\n<p>En junio se realiz\u00f3 una exitosa capacitaci\u00f3n en RCP, uso de Desfribilador Externo Autom\u00e1tico (DEA) y manejo de situaciones de emergencia, donde cientos de j\u00f3venes y adultos asistieron para adquirir conocimientos claves y poder actuar en caso de que sea necesario.<\/p>\n\n\n\n<p>A partir de all\u00ed, y con la intenci\u00f3n de poder estar a la altura con respecto a equipamientos, la Cooperativa de Energ\u00eda El\u00e9ctrica de Zapala realiz\u00f3 una donaci\u00f3n de cinco desfribiladores para la Municipalidad. El intendente Carlos Koopmann se mostr\u00f3 agradecido por el gesto y confirm\u00f3 donde se instalar\u00e1n los elementos: el edificio central de la Municipalidad, el gimnasio Fortabat, el galp\u00f3n negro del Paseo La Estaci\u00f3n y el corral\u00f3n municipal, garantizando as\u00ed una r\u00e1pida respuesta en situaciones cr\u00edticas.<\/p>\n\n\n\n<figure class=\"wp-block-image size-full\"><img loading=\"lazy\" decoding=\"async\" width=\"1024\" height=\"640\" src=\"https:\/\/zapala8340.com.ar\/wp-content\/uploads\/2025\/09\/image-98.png\" alt=\"\" class=\"wp-image-41994\" srcset=\"https:\/\/zapala8340.com.ar\/wp-content\/uploads\/2025\/09\/image-98.png 1024w, https:\/\/zapala8340.com.ar\/wp-content\/uploads\/2025\/09\/image-98-300x188.png 300w, https:\/\/zapala8340.com.ar\/wp-content\/uploads\/2025\/09\/image-98-768x480.png 768w, https:\/\/zapala8340.com.ar\/wp-content\/uploads\/2025\/09\/image-98-800x500.png 800w, https:\/\/zapala8340.com.ar\/wp-content\/uploads\/2025\/09\/image-98-400x250.png 400w\" sizes=\"(max-width: 1024px) 100vw, 1024px\" \/><\/figure>\n\n\n\n<p>El interventor de la CEEZ, Juan Carlos Mc Kidd, quien particip\u00f3 de la entrega, declar\u00f3 que \u201ces un gusto integrarnos al trabajo que hace el Municipio. Ponemos la Cooperativa al servicio de la gente, que es nuestro anhelo, y nos genera satisfacci\u00f3n poder colaborar. Es dif\u00edcil avanzar si no hay un convencimiento de las instituciones, y se nota el trabajo en conjunto en este caso\u201d.<\/p>\n\n\n\n<p>\u201cSe ve claramente el trabajo en equipo y todo lo que est\u00e1 haciendo la CEEZ. Estos elementos son cruciales para intervenir en primeros auxilios y significan m\u00e1s seguridad para los vecinos\u201d, dijo el jefe comunal, quien tambi\u00e9n record\u00f3 el trabajo mancomunado que se viene realizando en diferentes barrios para concretar el recambio de luminarias LED por las antiguas de sodio.<\/p>\n\n\n\n<p><em>Subsecretar\u00eda de Prensa<\/em><\/p>\n\n\n\n<figure class=\"wp-block-image size-large\"><img loading=\"lazy\" decoding=\"async\" width=\"1024\" height=\"640\" src=\"https:\/\/zapala8340.com.ar\/wp-content\/uploads\/2025\/09\/image-97-1024x640.png\" alt=\"\" class=\"wp-image-41993\" srcset=\"https:\/\/zapala8340.com.ar\/wp-content\/uploads\/2025\/09\/image-97-1024x640.png 1024w, https:\/\/zapala8340.com.ar\/wp-content\/uploads\/2025\/09\/image-97-300x188.png 300w, https:\/\/zapala8340.com.ar\/wp-content\/uploads\/2025\/09\/image-97-768x480.png 768w, https:\/\/zapala8340.com.ar\/wp-content\/uploads\/2025\/09\/image-97.png 1536w, https:\/\/zapala8340.com.ar\/wp-content\/uploads\/2025\/09\/image-97-800x500.png 800w, https:\/\/zapala8340.com.ar\/wp-content\/uploads\/2025\/09\/image-97-400x250.png 400w\" sizes=\"(max-width: 1024px) 100vw, 1024px\" \/><\/figure>\n","protected":false},"excerpt":{"rendered":"<p>El intendente recibi\u00f3 de parte de la Cooperativa de Energ\u00eda El\u00e9ctrica de Zapala, un total&#8230;<\/p>\n","protected":false},"author":1,"featured_media":41993,"comment_status":"open","ping_status":"open","sticky":false,"template":"","format":"standard","meta":{"footnotes":""},"categories":[8],"tags":[],"class_list":["post-41992","post","type-post","status-publish","format-standard","has-post-thumbnail","hentry","category-zapala"],"_links":{"self":[{"href":"https:\/\/zapala8340.com.ar\/index.php?rest_route=\/wp\/v2\/posts\/41992"}],"collection":[{"href":"https:\/\/zapala8340.com.ar\/index.php?rest_route=\/wp\/v2\/posts"}],"about":[{"href":"https:\/\/zapala8340.com.ar\/index.php?rest_route=\/wp\/v2\/types\/post"}],"author":[{"embeddable":true,"href":"https:\/\/zapala8340.com.ar\/index.php?rest_route=\/wp\/v2\/users\/1"}],"replies":[{"embeddable":true,"href":"https:\/\/zapala8340.com.ar\/index.php?rest_route=%2Fwp%2Fv2%2Fcomments&post=41992"}],"version-history":[{"count":1,"href":"https:\/\/zapala8340.com.ar\/index.php?rest_route=\/wp\/v2\/posts\/41992\/revisions"}],"predecessor-version":[{"id":41995,"href":"https:\/\/zapala8340.com.ar\/index.php?rest_route=\/wp\/v2\/posts\/41992\/revisions\/41995"}],"wp:featuredmedia":[{"embeddable":true,"href":"https:\/\/zapala8340.com.ar\/index.php?rest_route=\/wp\/v2\/media\/41993"}],"wp:attachment":[{"href":"https:\/\/zapala8340.com.ar\/index.php?rest_route=%2Fwp%2Fv2%2Fmedia&parent=41992"}],"wp:term":[{"taxonomy":"category","embeddable":true,"href":"https:\/\/zapala8340.com.ar\/index.php?rest_route=%2Fwp%2Fv2%2Fcategories&post=41992"},{"taxonomy":"post_tag","embeddable":true,"href":"https:\/\/zapala8340.com.ar\/index.php?rest_route=%2Fwp%2Fv2%2Ftags&post=41992"}],"curies":[{"name":"wp","href":"https:\/\/api.w.org\/{rel}","templated":true}]}}