{"id":41996,"date":"2025-09-12T18:39:06","date_gmt":"2025-09-12T21:39:06","guid":{"rendered":"https:\/\/zapala8340.com.ar\/?p=41996"},"modified":"2025-09-14T18:40:02","modified_gmt":"2025-09-14T21:40:02","slug":"comienza-hoy-la-edicion-n60-de-zapala-emprende","status":"publish","type":"post","link":"https:\/\/zapala8340.com.ar\/?p=41996","title":{"rendered":"Comienza hoy la edici\u00f3n N\u00b060 de Zapala Emprende"},"content":{"rendered":"\n<p>Desde las 17 hs, el Galp\u00f3n Negro del Paseo La Estaci\u00f3n se vestir\u00e1 de fiesta para celebrar las 60 ediciones de Zapala Emprende, un evento que a\u00f1o a a\u00f1o se meti\u00f3 en el coraz\u00f3n de los zapalinos y que hoy se consolida como un espacio clave para la econom\u00eda social y el fortalecimiento de los emprendedores locales.<\/p>\n\n\n\n<p>Con una grilla cargada de actividades, entre las que se destacan espect\u00e1culos en vivo, sorteos, torta y chocolate para compartir en familia y amigos, la jornada se extender\u00e1 hasta las 22 hs, retomando el d\u00eda s\u00e1bado de 16 a 23 hs<\/p>\n\n\n\n<figure class=\"wp-block-image size-full\"><img loading=\"lazy\" decoding=\"async\" width=\"1024\" height=\"640\" src=\"https:\/\/zapala8340.com.ar\/wp-content\/uploads\/2025\/09\/image-100.png\" alt=\"\" class=\"wp-image-41998\" srcset=\"https:\/\/zapala8340.com.ar\/wp-content\/uploads\/2025\/09\/image-100.png 1024w, https:\/\/zapala8340.com.ar\/wp-content\/uploads\/2025\/09\/image-100-300x188.png 300w, https:\/\/zapala8340.com.ar\/wp-content\/uploads\/2025\/09\/image-100-768x480.png 768w, https:\/\/zapala8340.com.ar\/wp-content\/uploads\/2025\/09\/image-100-800x500.png 800w, https:\/\/zapala8340.com.ar\/wp-content\/uploads\/2025\/09\/image-100-400x250.png 400w\" sizes=\"(max-width: 1024px) 100vw, 1024px\" \/><\/figure>\n\n\n\n<p>.<\/p>\n\n\n\n<p>En esta oportunidad, el Municipio vuelve a brindar un fuerte acompa\u00f1amiento a quienes, con esfuerzo y creatividad, llevan adelante sus proyectos. La feria ofrece un espacio totalmente gratuito para que los emprendedores puedan mostrar y comercializar sus productos, generando un v\u00ednculo directo con los vecinos. De esta manera, se fomenta el consumo local y se impulsa la econom\u00eda circular en la ciudad.<\/p>\n\n\n\n<p>La grilla art\u00edstica confirma que el viernes se presentar\u00e1n Lucio Donna (19 hs), Estirpe (21 hs) y Due\u00f1os del Amor (22 hs). El s\u00e1bado, el escenario recibir\u00e1 a Ethereos (20 hs), Del Mismo Palo (21 hs), Avance Chamamecera (22 hs) y Excelencia Chamamecera (23 hs).<\/p>\n\n\n\n<p>Los stands, distribuidos dentro y fuera del Galp\u00f3n tras un sorteo previo, albergar\u00e1n a alrededor de un centenar de emprendedores, ratificando el crecimiento sostenido de una feria que ya es marca registrada en Zapala.<\/p>\n\n\n\n<p><em>Subsecretar\u00eda de Prensa<\/em><\/p>\n\n\n\n<figure class=\"wp-block-image size-large\"><img loading=\"lazy\" decoding=\"async\" width=\"1024\" height=\"640\" src=\"https:\/\/zapala8340.com.ar\/wp-content\/uploads\/2025\/09\/image-99-1024x640.png\" alt=\"\" class=\"wp-image-41997\" srcset=\"https:\/\/zapala8340.com.ar\/wp-content\/uploads\/2025\/09\/image-99-1024x640.png 1024w, https:\/\/zapala8340.com.ar\/wp-content\/uploads\/2025\/09\/image-99-300x188.png 300w, https:\/\/zapala8340.com.ar\/wp-content\/uploads\/2025\/09\/image-99-768x480.png 768w, https:\/\/zapala8340.com.ar\/wp-content\/uploads\/2025\/09\/image-99.png 1536w, https:\/\/zapala8340.com.ar\/wp-content\/uploads\/2025\/09\/image-99-800x500.png 800w, https:\/\/zapala8340.com.ar\/wp-content\/uploads\/2025\/09\/image-99-400x250.png 400w\" sizes=\"(max-width: 1024px) 100vw, 1024px\" \/><\/figure>\n","protected":false},"excerpt":{"rendered":"<p>Desde las 17 hs, el Galp\u00f3n Negro del Paseo La Estaci\u00f3n se vestir\u00e1 de fiesta&#8230;<\/p>\n","protected":false},"author":1,"featured_media":41998,"comment_status":"open","ping_status":"open","sticky":false,"template":"","format":"standard","meta":{"footnotes":""},"categories":[8],"tags":[],"class_list":["post-41996","post","type-post","status-publish","format-standard","has-post-thumbnail","hentry","category-zapala"],"_links":{"self":[{"href":"https:\/\/zapala8340.com.ar\/index.php?rest_route=\/wp\/v2\/posts\/41996"}],"collection":[{"href":"https:\/\/zapala8340.com.ar\/index.php?rest_route=\/wp\/v2\/posts"}],"about":[{"href":"https:\/\/zapala8340.com.ar\/index.php?rest_route=\/wp\/v2\/types\/post"}],"author":[{"embeddable":true,"href":"https:\/\/zapala8340.com.ar\/index.php?rest_route=\/wp\/v2\/users\/1"}],"replies":[{"embeddable":true,"href":"https:\/\/zapala8340.com.ar\/index.php?rest_route=%2Fwp%2Fv2%2Fcomments&post=41996"}],"version-history":[{"count":1,"href":"https:\/\/zapala8340.com.ar\/index.php?rest_route=\/wp\/v2\/posts\/41996\/revisions"}],"predecessor-version":[{"id":41999,"href":"https:\/\/zapala8340.com.ar\/index.php?rest_route=\/wp\/v2\/posts\/41996\/revisions\/41999"}],"wp:featuredmedia":[{"embeddable":true,"href":"https:\/\/zapala8340.com.ar\/index.php?rest_route=\/wp\/v2\/media\/41998"}],"wp:attachment":[{"href":"https:\/\/zapala8340.com.ar\/index.php?rest_route=%2Fwp%2Fv2%2Fmedia&parent=41996"}],"wp:term":[{"taxonomy":"category","embeddable":true,"href":"https:\/\/zapala8340.com.ar\/index.php?rest_route=%2Fwp%2Fv2%2Fcategories&post=41996"},{"taxonomy":"post_tag","embeddable":true,"href":"https:\/\/zapala8340.com.ar\/index.php?rest_route=%2Fwp%2Fv2%2Ftags&post=41996"}],"curies":[{"name":"wp","href":"https:\/\/api.w.org\/{rel}","templated":true}]}}