{"id":42011,"date":"2025-09-15T23:00:28","date_gmt":"2025-09-16T02:00:28","guid":{"rendered":"https:\/\/zapala8340.com.ar\/?p=42011"},"modified":"2025-09-15T23:00:29","modified_gmt":"2025-09-16T02:00:29","slug":"llega-un-nuevo-encuentro-musical-de-la-mano-de-requiem-y-evergreen","status":"publish","type":"post","link":"https:\/\/zapala8340.com.ar\/?p=42011","title":{"rendered":"Llega un nuevo encuentro musical de la mano de R\u00e9quiem y Evergreen"},"content":{"rendered":"\n<p>La Secretar\u00eda de Cultura invita a la comunidad a ser parte de un nuevo encuentro musical, el cual tendr\u00e1 lugar el s\u00e1bado 20 de septiembre. Desde las 21.30 hs en la Casa de la Cultura, los asistentes podr\u00e1n disfrutar de buena m\u00fasica de la mano de R\u00e9quiem y Evergreen, quienes ser\u00e1n las bandas encargadas de ponerle ritmo a la noche sabatina.<\/p>\n\n\n\n<p>Las entradas ya se encuentran a la venta y se pueden adquirir de manera anticipada a un valor de $5000 en la Casa de la Cultura (Av. Roca 765), de lunes a viernes de 17 a 21 hs. Adem\u00e1s, la jornada contar\u00e1 con servicio de buffet.<\/p>\n\n\n\n<p>Requiem es una banda de rock alternativo\/grunge, formada en marzo de 2024 por Car Lambertucci (guitarra y voz) y Sofi P\u00e9rez (bajo y voz) junto a otros tres m\u00fasicos. Eventualmente se convirti\u00f3 en tr\u00edo, con Nacho Alday en la bater\u00eda como tercer integrante. Han tocado en diferentes festivales y bares de la ciudad de Zapala y pr\u00f3ximamente se presentar\u00e1n en localidades vecinas.<\/p>\n\n\n\n<p>Por su parte, Evergreen es una banda de metal variado, la cual recorre los inicios del g\u00e9nero pasando por himnos del metal. Se form\u00f3 en febrero de este a\u00f1o y ya cuenta con dos presentaciones, siendo sus integrantes: Braian en bater\u00eda, Alan en bajo, Lautaro y Agust\u00edn en guitarra y Facundo en la voz.<\/p>\n\n\n\n<p><em>Subsecretar\u00eda de Prens<\/em>a<\/p>\n\n\n\n<figure class=\"wp-block-image size-large\"><img loading=\"lazy\" decoding=\"async\" width=\"1024\" height=\"640\" src=\"https:\/\/zapala8340.com.ar\/wp-content\/uploads\/2025\/09\/image-106-1024x640.png\" alt=\"\" class=\"wp-image-42012\" srcset=\"https:\/\/zapala8340.com.ar\/wp-content\/uploads\/2025\/09\/image-106-1024x640.png 1024w, https:\/\/zapala8340.com.ar\/wp-content\/uploads\/2025\/09\/image-106-300x188.png 300w, https:\/\/zapala8340.com.ar\/wp-content\/uploads\/2025\/09\/image-106-768x480.png 768w, https:\/\/zapala8340.com.ar\/wp-content\/uploads\/2025\/09\/image-106.png 1536w, https:\/\/zapala8340.com.ar\/wp-content\/uploads\/2025\/09\/image-106-800x500.png 800w, https:\/\/zapala8340.com.ar\/wp-content\/uploads\/2025\/09\/image-106-400x250.png 400w\" sizes=\"(max-width: 1024px) 100vw, 1024px\" \/><\/figure>\n\n\n\n<p><\/p>\n","protected":false},"excerpt":{"rendered":"<p>La Secretar\u00eda de Cultura invita a la comunidad a ser parte de un nuevo encuentro&#8230;<\/p>\n","protected":false},"author":1,"featured_media":42012,"comment_status":"open","ping_status":"open","sticky":false,"template":"","format":"standard","meta":{"footnotes":""},"categories":[8],"tags":[],"class_list":["post-42011","post","type-post","status-publish","format-standard","has-post-thumbnail","hentry","category-zapala"],"_links":{"self":[{"href":"https:\/\/zapala8340.com.ar\/index.php?rest_route=\/wp\/v2\/posts\/42011"}],"collection":[{"href":"https:\/\/zapala8340.com.ar\/index.php?rest_route=\/wp\/v2\/posts"}],"about":[{"href":"https:\/\/zapala8340.com.ar\/index.php?rest_route=\/wp\/v2\/types\/post"}],"author":[{"embeddable":true,"href":"https:\/\/zapala8340.com.ar\/index.php?rest_route=\/wp\/v2\/users\/1"}],"replies":[{"embeddable":true,"href":"https:\/\/zapala8340.com.ar\/index.php?rest_route=%2Fwp%2Fv2%2Fcomments&post=42011"}],"version-history":[{"count":1,"href":"https:\/\/zapala8340.com.ar\/index.php?rest_route=\/wp\/v2\/posts\/42011\/revisions"}],"predecessor-version":[{"id":42013,"href":"https:\/\/zapala8340.com.ar\/index.php?rest_route=\/wp\/v2\/posts\/42011\/revisions\/42013"}],"wp:featuredmedia":[{"embeddable":true,"href":"https:\/\/zapala8340.com.ar\/index.php?rest_route=\/wp\/v2\/media\/42012"}],"wp:attachment":[{"href":"https:\/\/zapala8340.com.ar\/index.php?rest_route=%2Fwp%2Fv2%2Fmedia&parent=42011"}],"wp:term":[{"taxonomy":"category","embeddable":true,"href":"https:\/\/zapala8340.com.ar\/index.php?rest_route=%2Fwp%2Fv2%2Fcategories&post=42011"},{"taxonomy":"post_tag","embeddable":true,"href":"https:\/\/zapala8340.com.ar\/index.php?rest_route=%2Fwp%2Fv2%2Ftags&post=42011"}],"curies":[{"name":"wp","href":"https:\/\/api.w.org\/{rel}","templated":true}]}}