{"id":42014,"date":"2025-09-15T23:07:35","date_gmt":"2025-09-16T02:07:35","guid":{"rendered":"https:\/\/zapala8340.com.ar\/?p=42014"},"modified":"2025-09-15T23:07:45","modified_gmt":"2025-09-16T02:07:45","slug":"generacion-z-junior-los-chicos-ya-recolectaron-mas-de-66-mil-tapitas","status":"publish","type":"post","link":"https:\/\/zapala8340.com.ar\/?p=42014","title":{"rendered":"\u201cGeneraci\u00f3n Z\u201d Junior: los chicos ya recolectaron m\u00e1s de 66 mil tapitas"},"content":{"rendered":"\n<p>El entusiasmo y el compromiso ambiental de los alumnos y alumnas del \u00faltimo a\u00f1o de las escuelas primarias volvi\u00f3 a quedar demostrado en Zapala. La etapa ambiental comenz\u00f3 con todo y arroj\u00f3 importantes cifras.<\/p>\n\n\n\n<p>Un total de seis grados de las escuelas 114, 112, 3, 80 y el colegio privado San Nicol\u00e1s lograron juntar 668 bolsas de tapitas pl\u00e1sticas, lo que equivale a unas 66.800 tapitas en total. A esa cifra se suman 1.131 ecoladrillos y 375 litros de aceite vegetal usado, un claro reflejo de que cuando la comunidad educativa se organiza, los resultados superan todas las expectativas.<\/p>\n\n\n\n<figure class=\"wp-block-image size-large\"><img loading=\"lazy\" decoding=\"async\" width=\"1024\" height=\"640\" src=\"https:\/\/zapala8340.com.ar\/wp-content\/uploads\/2025\/09\/image-108-1024x640.png\" alt=\"\" class=\"wp-image-42016\" srcset=\"https:\/\/zapala8340.com.ar\/wp-content\/uploads\/2025\/09\/image-108-1024x640.png 1024w, https:\/\/zapala8340.com.ar\/wp-content\/uploads\/2025\/09\/image-108-300x188.png 300w, https:\/\/zapala8340.com.ar\/wp-content\/uploads\/2025\/09\/image-108-768x480.png 768w, https:\/\/zapala8340.com.ar\/wp-content\/uploads\/2025\/09\/image-108-800x500.png 800w, https:\/\/zapala8340.com.ar\/wp-content\/uploads\/2025\/09\/image-108-400x250.png 400w, https:\/\/zapala8340.com.ar\/wp-content\/uploads\/2025\/09\/image-108.png 1536w\" sizes=\"(max-width: 1024px) 100vw, 1024px\" \/><\/figure>\n\n\n\n<p>La propuesta, impulsada desde el Municipio, busca seguir generando h\u00e1bitos sostenibles, y al mismo tiempo poder sembrar conciencia ambiental en los m\u00e1s chicos, que con entusiasmo contagian a sus familiares y amigos. En esta primera etapa, los recorridos incluyeron a cada escuela participante, donde los ni\u00f1os se transformaron en verdaderos guardianes del ambiente.<\/p>\n\n\n\n<p>Pero esto reci\u00e9n comienza: el 22 y 23 de septiembre ser\u00e1 el turno de la recolecci\u00f3n de RAESS (Residuos de Aparatos El\u00e9ctricos y Electr\u00f3nicos), donde se visitar\u00e1n escuelas y domicilios que concentren los elementos. M\u00e1s tarde, el 29 y 30 de septiembre, se avanzar\u00e1 con la recolecci\u00f3n de papel y cart\u00f3n en las distintas instituciones.<\/p>\n\n\n\n<p>El cierre cultural ser\u00e1 la pr\u00f3xima etapa y tendr\u00e1 lugar en el Cine Teatro Municipal, donde los alumnos podr\u00e1n mostrar su potencial a trav\u00e9s del baile y la m\u00fasica. Adem\u00e1s, como incentivo a su esfuerzo, los tres grados que m\u00e1s puntos sumen recibir\u00e1n un kit escolar.<\/p>\n\n\n\n<p><em>Subsecretar\u00eda de Prensa<\/em><\/p>\n\n\n\n<figure class=\"wp-block-image size-large\"><img loading=\"lazy\" decoding=\"async\" width=\"1024\" height=\"640\" src=\"https:\/\/zapala8340.com.ar\/wp-content\/uploads\/2025\/09\/image-107-1024x640.png\" alt=\"\" class=\"wp-image-42015\" srcset=\"https:\/\/zapala8340.com.ar\/wp-content\/uploads\/2025\/09\/image-107-1024x640.png 1024w, https:\/\/zapala8340.com.ar\/wp-content\/uploads\/2025\/09\/image-107-300x188.png 300w, https:\/\/zapala8340.com.ar\/wp-content\/uploads\/2025\/09\/image-107-768x480.png 768w, https:\/\/zapala8340.com.ar\/wp-content\/uploads\/2025\/09\/image-107.png 1536w, https:\/\/zapala8340.com.ar\/wp-content\/uploads\/2025\/09\/image-107-800x500.png 800w, https:\/\/zapala8340.com.ar\/wp-content\/uploads\/2025\/09\/image-107-400x250.png 400w\" sizes=\"(max-width: 1024px) 100vw, 1024px\" \/><\/figure>\n","protected":false},"excerpt":{"rendered":"<p>El entusiasmo y el compromiso ambiental de los alumnos y alumnas del \u00faltimo a\u00f1o de&#8230;<\/p>\n","protected":false},"author":1,"featured_media":42015,"comment_status":"open","ping_status":"open","sticky":false,"template":"","format":"standard","meta":{"footnotes":""},"categories":[8],"tags":[],"class_list":["post-42014","post","type-post","status-publish","format-standard","has-post-thumbnail","hentry","category-zapala"],"_links":{"self":[{"href":"https:\/\/zapala8340.com.ar\/index.php?rest_route=\/wp\/v2\/posts\/42014"}],"collection":[{"href":"https:\/\/zapala8340.com.ar\/index.php?rest_route=\/wp\/v2\/posts"}],"about":[{"href":"https:\/\/zapala8340.com.ar\/index.php?rest_route=\/wp\/v2\/types\/post"}],"author":[{"embeddable":true,"href":"https:\/\/zapala8340.com.ar\/index.php?rest_route=\/wp\/v2\/users\/1"}],"replies":[{"embeddable":true,"href":"https:\/\/zapala8340.com.ar\/index.php?rest_route=%2Fwp%2Fv2%2Fcomments&post=42014"}],"version-history":[{"count":2,"href":"https:\/\/zapala8340.com.ar\/index.php?rest_route=\/wp\/v2\/posts\/42014\/revisions"}],"predecessor-version":[{"id":42018,"href":"https:\/\/zapala8340.com.ar\/index.php?rest_route=\/wp\/v2\/posts\/42014\/revisions\/42018"}],"wp:featuredmedia":[{"embeddable":true,"href":"https:\/\/zapala8340.com.ar\/index.php?rest_route=\/wp\/v2\/media\/42015"}],"wp:attachment":[{"href":"https:\/\/zapala8340.com.ar\/index.php?rest_route=%2Fwp%2Fv2%2Fmedia&parent=42014"}],"wp:term":[{"taxonomy":"category","embeddable":true,"href":"https:\/\/zapala8340.com.ar\/index.php?rest_route=%2Fwp%2Fv2%2Fcategories&post=42014"},{"taxonomy":"post_tag","embeddable":true,"href":"https:\/\/zapala8340.com.ar\/index.php?rest_route=%2Fwp%2Fv2%2Ftags&post=42014"}],"curies":[{"name":"wp","href":"https:\/\/api.w.org\/{rel}","templated":true}]}}