{"id":42019,"date":"2025-09-15T23:10:59","date_gmt":"2025-09-16T02:10:59","guid":{"rendered":"https:\/\/zapala8340.com.ar\/?p=42019"},"modified":"2025-09-15T23:11:00","modified_gmt":"2025-09-16T02:11:00","slug":"zapala-emprende-celebro-sus-60-ediciones-acompanado-de-una-multitud-de-vecinos","status":"publish","type":"post","link":"https:\/\/zapala8340.com.ar\/?p=42019","title":{"rendered":"Zapala Emprende celebr\u00f3 sus 60 ediciones acompa\u00f1ado de una multitud de vecinos"},"content":{"rendered":"\n<p>Durante dos jornadas el Paseo La Estaci\u00f3n goz\u00f3 del acompa\u00f1amiento de la comunidad, que asisti\u00f3 en gran n\u00famero a apoyar a los emprendedores y disfrutar de los espect\u00e1culos musicales.<\/p>\n\n\n\n<p>Desde bien temprano y hasta altas horas de la noche, el p\u00fablico zapalino volvi\u00f3 a decir presente en el espacio que impulsa el esp\u00edritu emprendedor desde el a\u00f1o 2020 a la fecha. Con el correr de las ediciones, la cantidad de participantes fue creciendo hasta superar el centenar, e incluso captar la atenci\u00f3n de vecinos de localidades vecinas.<\/p>\n\n\n\n<p>Es gracias al acompa\u00f1amiento de la comunidad, emprendedores, productores y la organizaci\u00f3n del Municipio, que ya se completaron las 60 ediciones, las cuales en su mayor\u00eda se festejaron en el Paseo ubicado sobre Av. San Mart\u00edn, pero que tambi\u00e9n supo recorrer otros puntos de la localidad.<\/p>\n\n\n\n<figure class=\"wp-block-image\"><img decoding=\"async\" src=\"https:\/\/www.zapala.gob.ar\/wp-content\/uploads\/2025\/09\/Zapala-Emprende-60-ediciones-3-1024x640.jpg\" alt=\"\" class=\"wp-image-32526\"\/><\/figure>\n\n\n\n<p>Durante viernes y s\u00e1bado se pudo recorrer cada stand ubicado en el interior y exterior del lugar, y tambi\u00e9n degustar la propuesta gastron\u00f3mica, que volvi\u00f3 a ser llamativa para grandes y chicos. A ello, se le sumaron presentaciones musicales a cargo de Lucio Donna, Estirpe, Due\u00f1os del Amor, Ethereos, Del Mismo Palo, Avance Chamamecera y Excelencia Chamamecera.<\/p>\n\n\n\n<p>All\u00ed no solo los emprendedores que en m\u00e1s ediciones participaron fueron protagonistas al recibir sus certificados de reconocimiento, sino que adem\u00e1s se realizaron una serie de sorteos para el p\u00fablico presente. Adem\u00e1s, otra grata noticia que lleg\u00f3 de la mano de la \u00faltima entrega de \u201cZapala Emprende\u201d, es que ahora, alrededor de 55 emprendedores tienen su espacio en la web oficial del Municipio, ya que ingresando al sitio https:\/\/www.zapala.gob.ar\/zapala-emprende\/ los interesados\/as podr\u00e1n conocer un poco m\u00e1s de cada propuesta, su historia, producci\u00f3n e im\u00e1genes.<\/p>\n\n\n\n<p>La feria ya se transform\u00f3 en una cita obligada en la agenda de los zapalinos y zapalinas, y de cara al futuro simplemente quedar\u00e1 seguir creciendo, para brindar una propuesta que sin lugar a dudas es muy aceptada por toda la comunidad.<\/p>\n\n\n\n<p><em>Subsecretar\u00eda de Prensa<\/em><\/p>\n\n\n\n<figure class=\"wp-block-image size-large\"><img loading=\"lazy\" decoding=\"async\" width=\"1024\" height=\"640\" src=\"https:\/\/zapala8340.com.ar\/wp-content\/uploads\/2025\/09\/image-109-1024x640.png\" alt=\"\" class=\"wp-image-42020\" srcset=\"https:\/\/zapala8340.com.ar\/wp-content\/uploads\/2025\/09\/image-109-1024x640.png 1024w, https:\/\/zapala8340.com.ar\/wp-content\/uploads\/2025\/09\/image-109-300x188.png 300w, https:\/\/zapala8340.com.ar\/wp-content\/uploads\/2025\/09\/image-109-768x480.png 768w, https:\/\/zapala8340.com.ar\/wp-content\/uploads\/2025\/09\/image-109.png 1536w, https:\/\/zapala8340.com.ar\/wp-content\/uploads\/2025\/09\/image-109-800x500.png 800w, https:\/\/zapala8340.com.ar\/wp-content\/uploads\/2025\/09\/image-109-400x250.png 400w\" sizes=\"(max-width: 1024px) 100vw, 1024px\" \/><\/figure>\n","protected":false},"excerpt":{"rendered":"<p>Durante dos jornadas el Paseo La Estaci\u00f3n goz\u00f3 del acompa\u00f1amiento de la comunidad, que asisti\u00f3&#8230;<\/p>\n","protected":false},"author":1,"featured_media":42020,"comment_status":"open","ping_status":"open","sticky":false,"template":"","format":"standard","meta":{"footnotes":""},"categories":[8],"tags":[],"class_list":["post-42019","post","type-post","status-publish","format-standard","has-post-thumbnail","hentry","category-zapala"],"_links":{"self":[{"href":"https:\/\/zapala8340.com.ar\/index.php?rest_route=\/wp\/v2\/posts\/42019"}],"collection":[{"href":"https:\/\/zapala8340.com.ar\/index.php?rest_route=\/wp\/v2\/posts"}],"about":[{"href":"https:\/\/zapala8340.com.ar\/index.php?rest_route=\/wp\/v2\/types\/post"}],"author":[{"embeddable":true,"href":"https:\/\/zapala8340.com.ar\/index.php?rest_route=\/wp\/v2\/users\/1"}],"replies":[{"embeddable":true,"href":"https:\/\/zapala8340.com.ar\/index.php?rest_route=%2Fwp%2Fv2%2Fcomments&post=42019"}],"version-history":[{"count":1,"href":"https:\/\/zapala8340.com.ar\/index.php?rest_route=\/wp\/v2\/posts\/42019\/revisions"}],"predecessor-version":[{"id":42021,"href":"https:\/\/zapala8340.com.ar\/index.php?rest_route=\/wp\/v2\/posts\/42019\/revisions\/42021"}],"wp:featuredmedia":[{"embeddable":true,"href":"https:\/\/zapala8340.com.ar\/index.php?rest_route=\/wp\/v2\/media\/42020"}],"wp:attachment":[{"href":"https:\/\/zapala8340.com.ar\/index.php?rest_route=%2Fwp%2Fv2%2Fmedia&parent=42019"}],"wp:term":[{"taxonomy":"category","embeddable":true,"href":"https:\/\/zapala8340.com.ar\/index.php?rest_route=%2Fwp%2Fv2%2Fcategories&post=42019"},{"taxonomy":"post_tag","embeddable":true,"href":"https:\/\/zapala8340.com.ar\/index.php?rest_route=%2Fwp%2Fv2%2Ftags&post=42019"}],"curies":[{"name":"wp","href":"https:\/\/api.w.org\/{rel}","templated":true}]}}