{"id":42027,"date":"2025-09-16T18:21:50","date_gmt":"2025-09-16T21:21:50","guid":{"rendered":"https:\/\/zapala8340.com.ar\/?p=42027"},"modified":"2025-09-16T18:21:50","modified_gmt":"2025-09-16T21:21:50","slug":"llega-ariel-petzel-a-museo-en-concierto","status":"publish","type":"post","link":"https:\/\/zapala8340.com.ar\/?p=42027","title":{"rendered":"Llega Ariel Petzel a \u201cMuseo en Concierto\u201d"},"content":{"rendered":"\n<h2 class=\"wp-block-heading\">El ciclo cultural \u201cMuseo en Concierto\u201d, organizado por la Secretar\u00eda de Cultura, vuelve a encender sus luces con una nueva propuesta art\u00edstica. En esta oportunidad, el escenario estar\u00e1 a cargo de Ariel Petzel, quien se presentar\u00e1 el mi\u00e9rcoles 17 de septiembre a las 21:30 hs en el Museo Hist\u00f3rico Municipal (Etcheluz 597).<\/h2>\n\n\n\n<p>Este espacio cultural se ha consolidado como un punto de encuentro para los amantes de la m\u00fasica en la ciudad, al fusionar el arte sonoro con el valor patrimonial e hist\u00f3rico del museo. La iniciativa busca acercar a la comunidad propuestas musicales de calidad, en un entorno \u00edntimo y acogedor que invita al disfrute colectivo.<\/p>\n\n\n\n<p>Ariel Petzel naci\u00f3 en San Fernando, provincia de Buenos Aires. Se form\u00f3 como Profesor de Guitarra en el Conservatorio Juan Jos\u00e9 Castro de Mart\u00ednez, aunque fue el viol\u00edn (al inicio un pasatiempo) el que termin\u00f3 marcando su camino principal. Continu\u00f3 su formaci\u00f3n en la Escuela de M\u00fasica Popular de Avellaneda, especializ\u00e1ndose en repertorios de m\u00fasica popular.<\/p>\n\n\n\n<p>Su trayectoria abarca la m\u00fasica de c\u00e1mara, as\u00ed como la interpretaci\u00f3n en agrupaciones de tango, jazz y folklore. Actualmente centra su labor en el tango y el jazz, g\u00e9neros que cultiva como int\u00e9rprete y arreglador. Integra el tr\u00edo NQN Tango, con el que se presenta en distintos escenarios de la regi\u00f3n.<\/p>\n\n\n\n<p>Paralelamente desarrolla su tarea docente en la Escuela Superior de M\u00fasica de Zapala, donde transmite a nuevas generaciones su visi\u00f3n de la m\u00fasica como arte en movimiento y en di\u00e1logo constante con la tradici\u00f3n. Las entradas para el concierto se pueden adquirir de forma anticipada en el Museo, de 9 a 13 hs y de 15 a 19 hs, o el mismo d\u00eda del evento. El valor es de $5000.<\/p>\n\n\n\n<p><em>Subsecretar\u00eda de Prensa<\/em><\/p>\n\n\n\n<figure class=\"wp-block-image size-large\"><img loading=\"lazy\" decoding=\"async\" width=\"1024\" height=\"640\" src=\"https:\/\/zapala8340.com.ar\/wp-content\/uploads\/2025\/09\/image-111-1024x640.png\" alt=\"\" class=\"wp-image-42028\" srcset=\"https:\/\/zapala8340.com.ar\/wp-content\/uploads\/2025\/09\/image-111-1024x640.png 1024w, https:\/\/zapala8340.com.ar\/wp-content\/uploads\/2025\/09\/image-111-300x188.png 300w, https:\/\/zapala8340.com.ar\/wp-content\/uploads\/2025\/09\/image-111-768x480.png 768w, https:\/\/zapala8340.com.ar\/wp-content\/uploads\/2025\/09\/image-111.png 1536w, https:\/\/zapala8340.com.ar\/wp-content\/uploads\/2025\/09\/image-111-800x500.png 800w, https:\/\/zapala8340.com.ar\/wp-content\/uploads\/2025\/09\/image-111-400x250.png 400w\" sizes=\"(max-width: 1024px) 100vw, 1024px\" \/><\/figure>\n","protected":false},"excerpt":{"rendered":"<p>El ciclo cultural \u201cMuseo en Concierto\u201d, organizado por la Secretar\u00eda de Cultura, vuelve a encender&#8230;<\/p>\n","protected":false},"author":1,"featured_media":42028,"comment_status":"open","ping_status":"open","sticky":false,"template":"","format":"standard","meta":{"footnotes":""},"categories":[8],"tags":[],"class_list":["post-42027","post","type-post","status-publish","format-standard","has-post-thumbnail","hentry","category-zapala"],"_links":{"self":[{"href":"https:\/\/zapala8340.com.ar\/index.php?rest_route=\/wp\/v2\/posts\/42027"}],"collection":[{"href":"https:\/\/zapala8340.com.ar\/index.php?rest_route=\/wp\/v2\/posts"}],"about":[{"href":"https:\/\/zapala8340.com.ar\/index.php?rest_route=\/wp\/v2\/types\/post"}],"author":[{"embeddable":true,"href":"https:\/\/zapala8340.com.ar\/index.php?rest_route=\/wp\/v2\/users\/1"}],"replies":[{"embeddable":true,"href":"https:\/\/zapala8340.com.ar\/index.php?rest_route=%2Fwp%2Fv2%2Fcomments&post=42027"}],"version-history":[{"count":1,"href":"https:\/\/zapala8340.com.ar\/index.php?rest_route=\/wp\/v2\/posts\/42027\/revisions"}],"predecessor-version":[{"id":42029,"href":"https:\/\/zapala8340.com.ar\/index.php?rest_route=\/wp\/v2\/posts\/42027\/revisions\/42029"}],"wp:featuredmedia":[{"embeddable":true,"href":"https:\/\/zapala8340.com.ar\/index.php?rest_route=\/wp\/v2\/media\/42028"}],"wp:attachment":[{"href":"https:\/\/zapala8340.com.ar\/index.php?rest_route=%2Fwp%2Fv2%2Fmedia&parent=42027"}],"wp:term":[{"taxonomy":"category","embeddable":true,"href":"https:\/\/zapala8340.com.ar\/index.php?rest_route=%2Fwp%2Fv2%2Fcategories&post=42027"},{"taxonomy":"post_tag","embeddable":true,"href":"https:\/\/zapala8340.com.ar\/index.php?rest_route=%2Fwp%2Fv2%2Ftags&post=42027"}],"curies":[{"name":"wp","href":"https:\/\/api.w.org\/{rel}","templated":true}]}}