{"id":42037,"date":"2025-09-16T20:06:15","date_gmt":"2025-09-16T23:06:15","guid":{"rendered":"https:\/\/zapala8340.com.ar\/?p=42037"},"modified":"2025-09-16T20:06:16","modified_gmt":"2025-09-16T23:06:16","slug":"zapala-dijo-presente-en-la-historica-fiesta-nacional-de-la-empanada-en-famailla","status":"publish","type":"post","link":"https:\/\/zapala8340.com.ar\/?p=42037","title":{"rendered":"Zapala dijo presente en la hist\u00f3rica Fiesta Nacional de la Empanada en Famaill\u00e1"},"content":{"rendered":"\n<p>A trav\u00e9s del Intendente Carlos Koopmann y Cinthia Corradini (ganadora de una de las categor\u00edas de la Fiesta Patag\u00f3nica de la Empanada), la ciudad tuvo sus representantes en este evento gastron\u00f3mico con gran reconocimiento a nivel nacional.<\/p>\n\n\n\n<figure class=\"wp-block-image size-large\"><img loading=\"lazy\" decoding=\"async\" width=\"1024\" height=\"640\" src=\"https:\/\/zapala8340.com.ar\/wp-content\/uploads\/2025\/09\/image-115-1024x640.png\" alt=\"\" class=\"wp-image-42039\" srcset=\"https:\/\/zapala8340.com.ar\/wp-content\/uploads\/2025\/09\/image-115-1024x640.png 1024w, https:\/\/zapala8340.com.ar\/wp-content\/uploads\/2025\/09\/image-115-300x188.png 300w, https:\/\/zapala8340.com.ar\/wp-content\/uploads\/2025\/09\/image-115-768x480.png 768w, https:\/\/zapala8340.com.ar\/wp-content\/uploads\/2025\/09\/image-115-800x500.png 800w, https:\/\/zapala8340.com.ar\/wp-content\/uploads\/2025\/09\/image-115-400x250.png 400w, https:\/\/zapala8340.com.ar\/wp-content\/uploads\/2025\/09\/image-115.png 1536w\" sizes=\"(max-width: 1024px) 100vw, 1024px\" \/><\/figure>\n\n\n\n<p>La 46\u00aa edici\u00f3n de la Fiesta Nacional de la Empanada se consagr\u00f3 como un rotundo \u00e9xito en Famaill\u00e1 el pasado fin de semana, donde miles de personas se acercaron para disfrutar uno de los encuentros culturales y gastron\u00f3micos m\u00e1s importantes del norte argentino. Y all\u00ed estuvo Zapala, ya que el jefe comunal asisti\u00f3 en su car\u00e1cter de jurado, pero tambi\u00e9n fue propicia la oportunidad para promocionar el Festival Patag\u00f3nico de la Empanada, que se desarrollar\u00e1 en la previa al cierre del 2025 en la ciudad.<\/p>\n\n\n\n<p>Con respecto a la participaci\u00f3n local, Cintia Corradini, ganadora de la categor\u00eda &nbsp;Empanada Tradicional de Famaill\u00e1, y representante de \u201cLa Estaca FC\u201d el a\u00f1o pasado, se gan\u00f3 el derecho de competir en la escena nacional y dejar bien parados a los nuestros.<\/p>\n\n\n\n<figure class=\"wp-block-image\"><img decoding=\"async\" src=\"https:\/\/www.zapala.gob.ar\/wp-content\/uploads\/2025\/09\/Fiesta-Nacional-de-la-Empanada-en-Famailla-1-1024x640.jpg\" alt=\"\" class=\"wp-image-32534\"\/><\/figure>\n\n\n\n<p>Cabe recordar que Brenda Ottonelli, gran campeona del Festival Patag\u00f3nico tambi\u00e9n estuvo presente en Famaill\u00e1, viviendo la experiencia culinaria y adquiriendo conocimientos para el futuro.<\/p>\n\n\n\n<p>Justamente, en relaci\u00f3n a las experiencias, Koopmann pudo compartir unos momentos junto a Am\u00e9rico, el hijo de \u201cDo\u00f1a\u201d Sarita Figueroa, hist\u00f3rica cocinera que realizaba las empanadas de la Casa de Tucum\u00e1n.<\/p>\n\n\n\n<p>Todo esto, sirvi\u00f3 para adquirir conocimientos de cara a nuestro Festival, que el intendente ya confirm\u00f3 que tendr\u00e1 su edici\u00f3n en la previa al cierre de la temporada, sum\u00e1ndose as\u00ed a la trigolia de eventos gastron\u00f3micos en Zapala: Fiesta Nacional del Inmigrante y las Colectivades y Campeonato Nacional de Asadores a la Estaca.<\/p>\n\n\n\n<p><em>Subsecretar\u00eda de Prensa<\/em><\/p>\n\n\n\n<figure class=\"wp-block-image size-large\"><img loading=\"lazy\" decoding=\"async\" width=\"1024\" height=\"640\" src=\"https:\/\/zapala8340.com.ar\/wp-content\/uploads\/2025\/09\/image-114-1024x640.png\" alt=\"\" class=\"wp-image-42038\" srcset=\"https:\/\/zapala8340.com.ar\/wp-content\/uploads\/2025\/09\/image-114-1024x640.png 1024w, https:\/\/zapala8340.com.ar\/wp-content\/uploads\/2025\/09\/image-114-300x188.png 300w, https:\/\/zapala8340.com.ar\/wp-content\/uploads\/2025\/09\/image-114-768x480.png 768w, https:\/\/zapala8340.com.ar\/wp-content\/uploads\/2025\/09\/image-114.png 1536w, https:\/\/zapala8340.com.ar\/wp-content\/uploads\/2025\/09\/image-114-800x500.png 800w, https:\/\/zapala8340.com.ar\/wp-content\/uploads\/2025\/09\/image-114-400x250.png 400w\" sizes=\"(max-width: 1024px) 100vw, 1024px\" \/><\/figure>\n","protected":false},"excerpt":{"rendered":"<p>A trav\u00e9s del Intendente Carlos Koopmann y Cinthia Corradini (ganadora de una de las categor\u00edas&#8230;<\/p>\n","protected":false},"author":1,"featured_media":42038,"comment_status":"open","ping_status":"open","sticky":false,"template":"","format":"standard","meta":{"footnotes":""},"categories":[8],"tags":[],"class_list":["post-42037","post","type-post","status-publish","format-standard","has-post-thumbnail","hentry","category-zapala"],"_links":{"self":[{"href":"https:\/\/zapala8340.com.ar\/index.php?rest_route=\/wp\/v2\/posts\/42037"}],"collection":[{"href":"https:\/\/zapala8340.com.ar\/index.php?rest_route=\/wp\/v2\/posts"}],"about":[{"href":"https:\/\/zapala8340.com.ar\/index.php?rest_route=\/wp\/v2\/types\/post"}],"author":[{"embeddable":true,"href":"https:\/\/zapala8340.com.ar\/index.php?rest_route=\/wp\/v2\/users\/1"}],"replies":[{"embeddable":true,"href":"https:\/\/zapala8340.com.ar\/index.php?rest_route=%2Fwp%2Fv2%2Fcomments&post=42037"}],"version-history":[{"count":1,"href":"https:\/\/zapala8340.com.ar\/index.php?rest_route=\/wp\/v2\/posts\/42037\/revisions"}],"predecessor-version":[{"id":42040,"href":"https:\/\/zapala8340.com.ar\/index.php?rest_route=\/wp\/v2\/posts\/42037\/revisions\/42040"}],"wp:featuredmedia":[{"embeddable":true,"href":"https:\/\/zapala8340.com.ar\/index.php?rest_route=\/wp\/v2\/media\/42038"}],"wp:attachment":[{"href":"https:\/\/zapala8340.com.ar\/index.php?rest_route=%2Fwp%2Fv2%2Fmedia&parent=42037"}],"wp:term":[{"taxonomy":"category","embeddable":true,"href":"https:\/\/zapala8340.com.ar\/index.php?rest_route=%2Fwp%2Fv2%2Fcategories&post=42037"},{"taxonomy":"post_tag","embeddable":true,"href":"https:\/\/zapala8340.com.ar\/index.php?rest_route=%2Fwp%2Fv2%2Ftags&post=42037"}],"curies":[{"name":"wp","href":"https:\/\/api.w.org\/{rel}","templated":true}]}}