{"id":42048,"date":"2025-09-18T00:24:59","date_gmt":"2025-09-18T03:24:59","guid":{"rendered":"https:\/\/zapala8340.com.ar\/?p=42048"},"modified":"2025-09-18T00:24:59","modified_gmt":"2025-09-18T03:24:59","slug":"el-erecer-12-ya-confirmo-su-grilla-de-actividades","status":"publish","type":"post","link":"https:\/\/zapala8340.com.ar\/?p=42048","title":{"rendered":"El ERECER 12 ya confirm\u00f3 su grilla de actividades"},"content":{"rendered":"\n<p>El \u201cEncuentro Regional de Ceramistas\u201d, organizado por la Escuela Municipal de Cer\u00e1mica ya tiene fecha para su nueva edici\u00f3n: del 16 al 18 de octubre, con talleres, charlas y nuevos saberes.<\/p>\n\n\n\n<p>Este cl\u00e1sico encuentro les permite a vecinos de la ciudad y de toda la regi\u00f3n, poder compartir una experiencia \u00fanica para vivir la cer\u00e1mica con pasi\u00f3n. Talleres, charlas y la oportunidad de compartir con grandes artistas durante tres jornadas. Desde la organizaci\u00f3n, ya abrieron las inscripciones para ser parte de cada actividad, las cuales permanecer\u00e1n activas hasta un d\u00eda antes del evento.<\/p>\n\n\n\n<p>Con respecto a los talleres, se destacan las siguientes propuestas:<\/p>\n\n\n\n<ul class=\"wp-block-list\">\n<li>Taller de esmaltes de alta temperatura para quema a la le\u00f1a a cargo de Lalo Ovando<\/li>\n\n\n\n<li>Vasijas escult\u00f3ricas de gran tama\u00f1o con Joaqu\u00edn Rivera<\/li>\n\n\n\n<li>Calcos manuales y digitales, serigraf\u00eda en cer\u00e1mica con Gloria Rodr\u00edguez<\/li>\n\n\n\n<li>Cer\u00e1mica con simbolog\u00eda Rankel junto a Cristina Fiorucci<\/li>\n\n\n\n<li>Tiffany, con Marcela Ventura<\/li>\n\n\n\n<li>La Est\u00e9tica Calchaqu\u00ed en la cer\u00e1mica a cargo de Gast\u00f3n Contreras<\/li>\n\n\n\n<li>Cl\u00ednica de obra para proyectos cer\u00e1micos, junto a Gast\u00f3n Severina<\/li>\n\n\n\n<li>Vidrio a la flama con Pablo Glenza<\/li>\n\n\n\n<li>Mural colectivo<\/li>\n<\/ul>\n\n\n\n<figure class=\"wp-block-image\"><img decoding=\"async\" src=\"https:\/\/www.zapala.gob.ar\/wp-content\/uploads\/2025\/09\/ERECER-2-1024x640.jpg\" alt=\"\" class=\"wp-image-32557\"\/><\/figure>\n\n\n\n<p>Tambi\u00e9n habr\u00e1n dos charlas, una el viernes y la otra el s\u00e1bado. En relaci\u00f3n al viernes 17 de octubre a partir de las 19 horas, Gast\u00f3n Severina estar\u00e1 a cargo de la Especializaci\u00f3n en Cer\u00e1mica Gr\u00e1fica, y el d\u00eda siguiente desde las 18 horas, se podr\u00e1 escuchar a Gast\u00f3n Contreras, quien abordar\u00e1 todos los detalles sobre la Gesti\u00f3n Cultural en la Cer\u00e1mica tanto de Argentina como Per\u00fa. Ambas son de car\u00e1cter gratuito y se llevar\u00e1n adelante en el Museo Hist\u00f3rico Municipal (Etcheluz 597).<\/p>\n\n\n\n<p>Para informes e inscripciones se recomienda contactarse al mail escueladeceramicazapalagmail.com o al tel\u00e9fono 2942-587901.<\/p>\n\n\n\n<p><em>Subsecretar\u00eda de Prensa<\/em><\/p>\n\n\n\n<figure class=\"wp-block-image size-large\"><img loading=\"lazy\" decoding=\"async\" width=\"1024\" height=\"640\" src=\"https:\/\/zapala8340.com.ar\/wp-content\/uploads\/2025\/09\/image-118-1024x640.png\" alt=\"\" class=\"wp-image-42049\" srcset=\"https:\/\/zapala8340.com.ar\/wp-content\/uploads\/2025\/09\/image-118-1024x640.png 1024w, https:\/\/zapala8340.com.ar\/wp-content\/uploads\/2025\/09\/image-118-300x188.png 300w, https:\/\/zapala8340.com.ar\/wp-content\/uploads\/2025\/09\/image-118-768x480.png 768w, https:\/\/zapala8340.com.ar\/wp-content\/uploads\/2025\/09\/image-118.png 1536w, https:\/\/zapala8340.com.ar\/wp-content\/uploads\/2025\/09\/image-118-800x500.png 800w, https:\/\/zapala8340.com.ar\/wp-content\/uploads\/2025\/09\/image-118-400x250.png 400w\" sizes=\"(max-width: 1024px) 100vw, 1024px\" \/><\/figure>\n","protected":false},"excerpt":{"rendered":"<p>El \u201cEncuentro Regional de Ceramistas\u201d, organizado por la Escuela Municipal de Cer\u00e1mica ya tiene fecha&#8230;<\/p>\n","protected":false},"author":1,"featured_media":42049,"comment_status":"open","ping_status":"open","sticky":false,"template":"","format":"standard","meta":{"footnotes":""},"categories":[8],"tags":[],"class_list":["post-42048","post","type-post","status-publish","format-standard","has-post-thumbnail","hentry","category-zapala"],"_links":{"self":[{"href":"https:\/\/zapala8340.com.ar\/index.php?rest_route=\/wp\/v2\/posts\/42048"}],"collection":[{"href":"https:\/\/zapala8340.com.ar\/index.php?rest_route=\/wp\/v2\/posts"}],"about":[{"href":"https:\/\/zapala8340.com.ar\/index.php?rest_route=\/wp\/v2\/types\/post"}],"author":[{"embeddable":true,"href":"https:\/\/zapala8340.com.ar\/index.php?rest_route=\/wp\/v2\/users\/1"}],"replies":[{"embeddable":true,"href":"https:\/\/zapala8340.com.ar\/index.php?rest_route=%2Fwp%2Fv2%2Fcomments&post=42048"}],"version-history":[{"count":1,"href":"https:\/\/zapala8340.com.ar\/index.php?rest_route=\/wp\/v2\/posts\/42048\/revisions"}],"predecessor-version":[{"id":42050,"href":"https:\/\/zapala8340.com.ar\/index.php?rest_route=\/wp\/v2\/posts\/42048\/revisions\/42050"}],"wp:featuredmedia":[{"embeddable":true,"href":"https:\/\/zapala8340.com.ar\/index.php?rest_route=\/wp\/v2\/media\/42049"}],"wp:attachment":[{"href":"https:\/\/zapala8340.com.ar\/index.php?rest_route=%2Fwp%2Fv2%2Fmedia&parent=42048"}],"wp:term":[{"taxonomy":"category","embeddable":true,"href":"https:\/\/zapala8340.com.ar\/index.php?rest_route=%2Fwp%2Fv2%2Fcategories&post=42048"},{"taxonomy":"post_tag","embeddable":true,"href":"https:\/\/zapala8340.com.ar\/index.php?rest_route=%2Fwp%2Fv2%2Ftags&post=42048"}],"curies":[{"name":"wp","href":"https:\/\/api.w.org\/{rel}","templated":true}]}}