{"id":42052,"date":"2025-09-18T11:15:52","date_gmt":"2025-09-18T14:15:52","guid":{"rendered":"https:\/\/zapala8340.com.ar\/?p=42052"},"modified":"2025-09-18T11:15:53","modified_gmt":"2025-09-18T14:15:53","slug":"se-presento-el-catalogo-online-de-zapala-emprende","status":"publish","type":"post","link":"https:\/\/zapala8340.com.ar\/?p=42052","title":{"rendered":"Se present\u00f3 el cat\u00e1logo online de \u201cZapala Emprende\u201d"},"content":{"rendered":"\n<h2 class=\"wp-block-heading\">El pasado fin de semana, una vez culminada la edici\u00f3n N\u00b060 de Zapala Emprende, el Intendente Carlos Koopmann anunci\u00f3, a trav\u00e9s de sus redes sociales, el lanzamiento del cat\u00e1logo online de la feria, una herramienta que busca seguir potenciando a los emprendedores locales.<\/h2>\n\n\n\n<p>La iniciativa, que ven\u00eda gest\u00e1ndose desde hace tiempo por parte de la organizaci\u00f3n, ya est\u00e1 disponible en la p\u00e1gina oficial del Municipio: www.zapala.gob.ar. All\u00ed los vecinos encontrar\u00e1n una pesta\u00f1a especialmente dedicada a los proyectos productivos y comerciales de la ciudad, con el objetivo de darles mayor visibilidad y facilitar el v\u00ednculo directo con la comunidad.<\/p>\n\n\n\n<p>Koopmann destac\u00f3 que \u201cen este cat\u00e1logo van a descubrir a quienes, con esfuerzo y creatividad, dan vida a productos \u00fanicos hechos con amor y dedicaci\u00f3n. Tambi\u00e9n encontrar\u00e1n sus contactos para que puedan elegirlos y comprarles directamente cuando lo deseen\u201d.<\/p>\n\n\n\n<figure class=\"wp-block-image\"><img decoding=\"async\" src=\"https:\/\/www.zapala.gob.ar\/wp-content\/uploads\/2025\/09\/catalogo-online-de-Zapala-Emprende-1-1024x640.jpg\" alt=\"\" class=\"wp-image-32543\"\/><\/figure>\n\n\n\n<p>El cat\u00e1logo digital permite que, al momento de ingresar y seleccionar un emprendimiento, el usuario acceda a una breve descripci\u00f3n de su historia, los productos que ofrece y las distintas v\u00edas de contacto, ya sea por tel\u00e9fono, redes sociales o mensajer\u00eda instant\u00e1nea. De esta manera, se fortalece el circuito de consumo local y se fomenta la econom\u00eda social, sin necesidad de esperar a una nueva edici\u00f3n de la feria para adquirir los productos.<\/p>\n\n\n\n<p>Adem\u00e1s, la herramienta representa un paso m\u00e1s en el proceso de modernizaci\u00f3n y digitalizaci\u00f3n de las pol\u00edticas municipales, acercando a los vecinos propuestas innovadoras que se adaptan a las nuevas formas de comercializaci\u00f3n. Al igual que la feria presencial, que edici\u00f3n tras edici\u00f3n sigue creciendo en convocatoria y participaci\u00f3n, se espera que cada vez m\u00e1s emprendedores se sumen a este espacio online, ampliando la oferta y demostrando la riqueza y diversidad de la producci\u00f3n zapalina.<\/p>\n\n\n\n<p>Con este lanzamiento, \u201cZapala Emprende\u201d refuerza su doble car\u00e1cter: por un lado, como un punto de encuentro y promoci\u00f3n en la ciudad, y por el otro, como un cat\u00e1logo digital permanente, disponible todo el a\u00f1o y al alcance de un clic.<\/p>\n\n\n\n<p><em>Subsecretar\u00eda de Prensa<\/em><\/p>\n\n\n\n<figure class=\"wp-block-image\"><img decoding=\"async\" src=\"https:\/\/www.zapala.gob.ar\/wp-content\/uploads\/2025\/09\/catalogo-online-de-Zapala-Emprende-2-1024x640.jpg\" alt=\"\" class=\"wp-image-32544\"\/><\/figure>\n\n\n\n<figure class=\"wp-block-image size-large\"><img loading=\"lazy\" decoding=\"async\" width=\"1024\" height=\"640\" src=\"https:\/\/zapala8340.com.ar\/wp-content\/uploads\/2025\/09\/image-119-1024x640.png\" alt=\"\" class=\"wp-image-42053\" srcset=\"https:\/\/zapala8340.com.ar\/wp-content\/uploads\/2025\/09\/image-119-1024x640.png 1024w, https:\/\/zapala8340.com.ar\/wp-content\/uploads\/2025\/09\/image-119-300x188.png 300w, https:\/\/zapala8340.com.ar\/wp-content\/uploads\/2025\/09\/image-119-768x480.png 768w, https:\/\/zapala8340.com.ar\/wp-content\/uploads\/2025\/09\/image-119.png 1536w, https:\/\/zapala8340.com.ar\/wp-content\/uploads\/2025\/09\/image-119-800x500.png 800w, https:\/\/zapala8340.com.ar\/wp-content\/uploads\/2025\/09\/image-119-400x250.png 400w\" sizes=\"(max-width: 1024px) 100vw, 1024px\" \/><\/figure>\n","protected":false},"excerpt":{"rendered":"<p>El pasado fin de semana, una vez culminada la edici\u00f3n N\u00b060 de Zapala Emprende, el&#8230;<\/p>\n","protected":false},"author":1,"featured_media":42053,"comment_status":"open","ping_status":"open","sticky":false,"template":"","format":"standard","meta":{"footnotes":""},"categories":[8],"tags":[],"class_list":["post-42052","post","type-post","status-publish","format-standard","has-post-thumbnail","hentry","category-zapala"],"_links":{"self":[{"href":"https:\/\/zapala8340.com.ar\/index.php?rest_route=\/wp\/v2\/posts\/42052"}],"collection":[{"href":"https:\/\/zapala8340.com.ar\/index.php?rest_route=\/wp\/v2\/posts"}],"about":[{"href":"https:\/\/zapala8340.com.ar\/index.php?rest_route=\/wp\/v2\/types\/post"}],"author":[{"embeddable":true,"href":"https:\/\/zapala8340.com.ar\/index.php?rest_route=\/wp\/v2\/users\/1"}],"replies":[{"embeddable":true,"href":"https:\/\/zapala8340.com.ar\/index.php?rest_route=%2Fwp%2Fv2%2Fcomments&post=42052"}],"version-history":[{"count":1,"href":"https:\/\/zapala8340.com.ar\/index.php?rest_route=\/wp\/v2\/posts\/42052\/revisions"}],"predecessor-version":[{"id":42054,"href":"https:\/\/zapala8340.com.ar\/index.php?rest_route=\/wp\/v2\/posts\/42052\/revisions\/42054"}],"wp:featuredmedia":[{"embeddable":true,"href":"https:\/\/zapala8340.com.ar\/index.php?rest_route=\/wp\/v2\/media\/42053"}],"wp:attachment":[{"href":"https:\/\/zapala8340.com.ar\/index.php?rest_route=%2Fwp%2Fv2%2Fmedia&parent=42052"}],"wp:term":[{"taxonomy":"category","embeddable":true,"href":"https:\/\/zapala8340.com.ar\/index.php?rest_route=%2Fwp%2Fv2%2Fcategories&post=42052"},{"taxonomy":"post_tag","embeddable":true,"href":"https:\/\/zapala8340.com.ar\/index.php?rest_route=%2Fwp%2Fv2%2Ftags&post=42052"}],"curies":[{"name":"wp","href":"https:\/\/api.w.org\/{rel}","templated":true}]}}