{"id":42064,"date":"2025-09-18T23:56:19","date_gmt":"2025-09-19T02:56:19","guid":{"rendered":"https:\/\/zapala8340.com.ar\/?p=42064"},"modified":"2025-09-19T00:10:19","modified_gmt":"2025-09-19T03:10:19","slug":"ultimos-dias-para-inscribirse-al-pre-cosquin-en-zapala","status":"publish","type":"post","link":"https:\/\/zapala8340.com.ar\/?p=42064","title":{"rendered":"\u00daltimos d\u00edas para inscribirse al Pre Cosqu\u00edn en Zapala"},"content":{"rendered":"\n<p>Cada vez falta menos para una nueva edici\u00f3n del Pre Cosqu\u00edn en Zapala y, en la antesala de lo que ser\u00e1 el gran evento programado para los d\u00edas 27 y 28 de septiembre, se encuentra en su recta final la etapa de inscripciones.<\/p>\n\n\n\n<p>Desde la Secretar\u00eda de Cultura se inform\u00f3 que la convocatoria permanecer\u00e1 abierta hasta el pr\u00f3ximo martes 23 de septiembre, brindando as\u00ed los \u00faltimos d\u00edas para que artistas y bailarines de la ciudad y la regi\u00f3n puedan sumarse a este prestigioso certamen.<\/p>\n\n\n\n<p>Este 54\u00b0 Certamen para Nuevos Valores se presenta como una gran oportunidad para quienes buscan proyectar su arte a nivel nacional. Al igual que en ediciones anteriores, la competencia contempla diversas categor\u00edas:<br>\u2022 Solista vocal<br>\u2022 D\u00fao vocal<br>\u2022 Conjunto vocal<br>\u2022 Solista instrumental<br>\u2022 Conjunto instrumental<br>\u2022 Canci\u00f3n in\u00e9dita<br>\u2022 Solista malambo masculino<br>\u2022 Solista malambo femenino<br>\u2022 Conjunto de malambo<br>\u2022 Pareja de baile tradicional<br>\u2022 Pareja de baile estilizado<br>\u2022 Conjunto de baile folkl\u00f3rico<\/p>\n\n\n\n<figure class=\"wp-block-image\"><img decoding=\"async\" src=\"https:\/\/www.zapala.gob.ar\/wp-content\/uploads\/2025\/09\/Inscripciones-Pre-Cosquin-3-1024x640.jpg\" alt=\"\" class=\"wp-image-32584\"\/><\/figure>\n\n\n\n<p>Los interesados en ser parte pueden completar su inscripci\u00f3n de manera online a trav\u00e9s del siguiente formulario:&nbsp;<a href=\"https:\/\/docs.google.com\/...\/1FAIpQLSeK0qU-P...\/viewform\">https:\/\/docs.google.com\/\u2026\/1FAIpQLSeK0qU-P\u2026\/viewform<\/a>.<\/p>\n\n\n\n<p>Vale recordar que en el mes de agosto se realiz\u00f3 la presentaci\u00f3n oficial del jurado, integrado en el \u00e1rea de m\u00fasica por Federico Siciliano, Lucrecia Rodrigo y Daniela Azaz, mientras que en danza estar\u00e1n a cargo Luciano Garbuio, Mat\u00edas Gallardo y Laura Cornejo.<\/p>\n\n\n\n<figure class=\"wp-block-image size-large\"><img loading=\"lazy\" decoding=\"async\" width=\"1024\" height=\"640\" src=\"https:\/\/zapala8340.com.ar\/wp-content\/uploads\/2025\/09\/image-124-1024x640.png\" alt=\"\" class=\"wp-image-42066\" srcset=\"https:\/\/zapala8340.com.ar\/wp-content\/uploads\/2025\/09\/image-124-1024x640.png 1024w, https:\/\/zapala8340.com.ar\/wp-content\/uploads\/2025\/09\/image-124-300x188.png 300w, https:\/\/zapala8340.com.ar\/wp-content\/uploads\/2025\/09\/image-124-768x480.png 768w, https:\/\/zapala8340.com.ar\/wp-content\/uploads\/2025\/09\/image-124-800x500.png 800w, https:\/\/zapala8340.com.ar\/wp-content\/uploads\/2025\/09\/image-124-400x250.png 400w, https:\/\/zapala8340.com.ar\/wp-content\/uploads\/2025\/09\/image-124.png 1536w\" sizes=\"(max-width: 1024px) 100vw, 1024px\" \/><\/figure>\n\n\n\n<p>Quienes resulten ganadores de la instancia local obtendr\u00e1n el pasaporte directo para representar a Zapala en el escenario mayor de Cosqu\u00edn, del 3 al 19 de enero de 2026, donde competir\u00e1n junto a los seleccionados de todo el pa\u00eds por un lugar en el Festival Nacional de Folklore, el evento m\u00e1s importante de la m\u00fasica y la danza tradicional argentina.<\/p>\n\n\n\n<p><em>Subsecretar\u00eda de Prensa<\/em><\/p>\n\n\n\n<figure class=\"wp-block-image size-large\"><img loading=\"lazy\" decoding=\"async\" width=\"1024\" height=\"640\" src=\"https:\/\/zapala8340.com.ar\/wp-content\/uploads\/2025\/09\/image-123-1024x640.png\" alt=\"\" class=\"wp-image-42065\" srcset=\"https:\/\/zapala8340.com.ar\/wp-content\/uploads\/2025\/09\/image-123-1024x640.png 1024w, https:\/\/zapala8340.com.ar\/wp-content\/uploads\/2025\/09\/image-123-300x188.png 300w, https:\/\/zapala8340.com.ar\/wp-content\/uploads\/2025\/09\/image-123-768x480.png 768w, https:\/\/zapala8340.com.ar\/wp-content\/uploads\/2025\/09\/image-123.png 1536w, https:\/\/zapala8340.com.ar\/wp-content\/uploads\/2025\/09\/image-123-800x500.png 800w, https:\/\/zapala8340.com.ar\/wp-content\/uploads\/2025\/09\/image-123-400x250.png 400w\" sizes=\"(max-width: 1024px) 100vw, 1024px\" \/><\/figure>\n","protected":false},"excerpt":{"rendered":"<p>Cada vez falta menos para una nueva edici\u00f3n del Pre Cosqu\u00edn en Zapala y, en&#8230;<\/p>\n","protected":false},"author":1,"featured_media":42065,"comment_status":"open","ping_status":"open","sticky":false,"template":"","format":"standard","meta":{"footnotes":""},"categories":[8],"tags":[],"class_list":["post-42064","post","type-post","status-publish","format-standard","has-post-thumbnail","hentry","category-zapala"],"_links":{"self":[{"href":"https:\/\/zapala8340.com.ar\/index.php?rest_route=\/wp\/v2\/posts\/42064"}],"collection":[{"href":"https:\/\/zapala8340.com.ar\/index.php?rest_route=\/wp\/v2\/posts"}],"about":[{"href":"https:\/\/zapala8340.com.ar\/index.php?rest_route=\/wp\/v2\/types\/post"}],"author":[{"embeddable":true,"href":"https:\/\/zapala8340.com.ar\/index.php?rest_route=\/wp\/v2\/users\/1"}],"replies":[{"embeddable":true,"href":"https:\/\/zapala8340.com.ar\/index.php?rest_route=%2Fwp%2Fv2%2Fcomments&post=42064"}],"version-history":[{"count":2,"href":"https:\/\/zapala8340.com.ar\/index.php?rest_route=\/wp\/v2\/posts\/42064\/revisions"}],"predecessor-version":[{"id":42069,"href":"https:\/\/zapala8340.com.ar\/index.php?rest_route=\/wp\/v2\/posts\/42064\/revisions\/42069"}],"wp:featuredmedia":[{"embeddable":true,"href":"https:\/\/zapala8340.com.ar\/index.php?rest_route=\/wp\/v2\/media\/42065"}],"wp:attachment":[{"href":"https:\/\/zapala8340.com.ar\/index.php?rest_route=%2Fwp%2Fv2%2Fmedia&parent=42064"}],"wp:term":[{"taxonomy":"category","embeddable":true,"href":"https:\/\/zapala8340.com.ar\/index.php?rest_route=%2Fwp%2Fv2%2Fcategories&post=42064"},{"taxonomy":"post_tag","embeddable":true,"href":"https:\/\/zapala8340.com.ar\/index.php?rest_route=%2Fwp%2Fv2%2Ftags&post=42064"}],"curies":[{"name":"wp","href":"https:\/\/api.w.org\/{rel}","templated":true}]}}