{"id":42110,"date":"2025-09-20T16:57:04","date_gmt":"2025-09-20T19:57:04","guid":{"rendered":"https:\/\/zapala8340.com.ar\/?p=42110"},"modified":"2025-09-20T16:57:05","modified_gmt":"2025-09-20T19:57:05","slug":"deja-de-tomarnos-el-pelo-a-los-argentinos-cristina-kirchner-volvio-a-cruzar-a-javier-milei-tras-la-subida-del-dolar","status":"publish","type":"post","link":"https:\/\/zapala8340.com.ar\/?p=42110","title":{"rendered":"\u201cDej\u00e1 de tomarnos el pelo a los argentinos\u201d: Cristina Kirchner volvi\u00f3 a cruzar a Javier Milei tras la subida del d\u00f3lar"},"content":{"rendered":"\n<p><\/p>\n\n\n\n<h2 class=\"wp-block-heading\">La expresidenta lanz\u00f3 duras cr\u00edticas a Javier Milei tras la suba del d\u00f3lar. Denunci\u00f3 endeudamiento, fuga de capitales y apunt\u00f3 contra Luis Caputo y Federico Sturzenegger.<\/h2>\n\n\n\n<h2 class=\"wp-block-heading\">En medio de la escalada del d\u00f3lar y la creciente preocupaci\u00f3n por la situaci\u00f3n financiera del pa\u00eds, Cristina Kirchner reapareci\u00f3 en redes sociales para criticar con dureza al presidente Javier Milei. A trav\u00e9s de un mensaje cargado de iron\u00eda, apunt\u00f3 directamente contra el modelo econ\u00f3mico actual, la pol\u00edtica cambiaria y el creciente nivel de endeudamiento externo, involucrando tambi\u00e9n a Luis Caputo y Federico Sturzenegger.<\/h2>\n\n\n\n<h2 class=\"wp-block-heading\">Cristina Kirchner critic\u00f3 la fuga de d\u00f3lares y apunt\u00f3 contra Caputo<br>Cristina Kirchner inici\u00f3 su publicaci\u00f3n con una advertencia ir\u00f3nica: \u201c\u00a1Che Milei! \u00a1Qu\u00e9 olor a default!&#8230; Te fumaste m\u00e1s de mil millones de d\u00f3lares en apenas dos d\u00edas\u2026 \u2018economista experto en crecimiento con o sin dinero\u2019\u201d, escribi\u00f3, apuntando directamente contra la gesti\u00f3n del presidente.<\/h2>\n\n\n\n<p>La exmandataria denunci\u00f3 que el Gobierno est\u00e1 facilitando una nueva fuga de divisas, se\u00f1alando que &#8220;est\u00e1n financiando la fuga a d\u00f3lar barato\u201c, con fondos provenientes de pr\u00e9stamos del Fondo Monetario Internacional, el Banco Mundial y el BID.<\/p>\n\n\n\n<p>Adem\u00e1s, desminti\u00f3 los dichos oficiales sobre el control del tipo de cambio: \u201cC\u00f3rtenla con el verso ese de \u2018vamos a vender hasta el \u00faltimo d\u00f3lar en el techo de la banda\u2019&#8230; que ac\u00e1 la \u00fanica banda es la banda del carry trade del Toto Caputo\u201d, sostuvo, vinculando directamente al actual ministro de Econom\u00eda con maniobras especulativas similares a las ocurridas durante la gesti\u00f3n de Mauricio Macri.<\/p>\n\n\n\n<p>Tambi\u00e9n se refiri\u00f3 a un presunto nuevo pedido de ayuda financiera internacional al afirmar: \u201c\u00bfY arriba anunci\u00e1s que est\u00e1s pidiendo otro pr\u00e9stamo a Estados Unidos?&#8230; \u00a1Par\u00e1 hermano, que vamos a volar por los aires!\u201d.<\/p>\n\n\n\n<p>Cristina Kirchner reivindic\u00f3 su gesti\u00f3n y denunci\u00f3 persecuci\u00f3n judicial<br>En el mismo mensaje, Cristina Kirchner defendi\u00f3 su legado pol\u00edtico, destacando que tanto ella como N\u00e9stor Kirchner evitaron recurrir al Fondo Monetario: \u201cFuimos N\u00e9stor y quien suscribe, despu\u00e9s de Per\u00f3n, los \u00fanicos que en sus gobiernos no s\u00f3lo nunca le pidieron un pr\u00e9stamo al FMI, sino que en 2005 le pagamos todos los d\u00f3lares que los gobiernos anteriores le hab\u00edan pedido, endeudando al pa\u00eds\u201d.<\/p>\n\n\n\n<p>Adem\u00e1s, record\u00f3 que entre 2005 y 2012, \u201cle devolvimos a todos los ahorristas argentinos todos los d\u00f3lares que les hab\u00edan robado en el 2001\u201d, apuntando contra figuras como Domingo Cavallo y Sturzenegger por su rol en el corralito.<\/p>\n\n\n\n<p><\/p>\n\n\n\n<p>radio mitre <\/p>\n\n\n\n<figure class=\"wp-block-image size-large\"><img loading=\"lazy\" decoding=\"async\" width=\"1024\" height=\"512\" src=\"https:\/\/zapala8340.com.ar\/wp-content\/uploads\/2025\/09\/image-128-1024x512.png\" alt=\"\" class=\"wp-image-42111\" srcset=\"https:\/\/zapala8340.com.ar\/wp-content\/uploads\/2025\/09\/image-128-1024x512.png 1024w, https:\/\/zapala8340.com.ar\/wp-content\/uploads\/2025\/09\/image-128-300x150.png 300w, https:\/\/zapala8340.com.ar\/wp-content\/uploads\/2025\/09\/image-128-768x384.png 768w, https:\/\/zapala8340.com.ar\/wp-content\/uploads\/2025\/09\/image-128.png 1440w\" sizes=\"(max-width: 1024px) 100vw, 1024px\" \/><\/figure>\n","protected":false},"excerpt":{"rendered":"<p>La expresidenta lanz\u00f3 duras cr\u00edticas a Javier Milei tras la suba del d\u00f3lar. Denunci\u00f3 endeudamiento,&#8230;<\/p>\n","protected":false},"author":1,"featured_media":42111,"comment_status":"open","ping_status":"open","sticky":false,"template":"","format":"standard","meta":{"footnotes":""},"categories":[16],"tags":[],"class_list":["post-42110","post","type-post","status-publish","format-standard","has-post-thumbnail","hentry","category-politica"],"_links":{"self":[{"href":"https:\/\/zapala8340.com.ar\/index.php?rest_route=\/wp\/v2\/posts\/42110"}],"collection":[{"href":"https:\/\/zapala8340.com.ar\/index.php?rest_route=\/wp\/v2\/posts"}],"about":[{"href":"https:\/\/zapala8340.com.ar\/index.php?rest_route=\/wp\/v2\/types\/post"}],"author":[{"embeddable":true,"href":"https:\/\/zapala8340.com.ar\/index.php?rest_route=\/wp\/v2\/users\/1"}],"replies":[{"embeddable":true,"href":"https:\/\/zapala8340.com.ar\/index.php?rest_route=%2Fwp%2Fv2%2Fcomments&post=42110"}],"version-history":[{"count":1,"href":"https:\/\/zapala8340.com.ar\/index.php?rest_route=\/wp\/v2\/posts\/42110\/revisions"}],"predecessor-version":[{"id":42112,"href":"https:\/\/zapala8340.com.ar\/index.php?rest_route=\/wp\/v2\/posts\/42110\/revisions\/42112"}],"wp:featuredmedia":[{"embeddable":true,"href":"https:\/\/zapala8340.com.ar\/index.php?rest_route=\/wp\/v2\/media\/42111"}],"wp:attachment":[{"href":"https:\/\/zapala8340.com.ar\/index.php?rest_route=%2Fwp%2Fv2%2Fmedia&parent=42110"}],"wp:term":[{"taxonomy":"category","embeddable":true,"href":"https:\/\/zapala8340.com.ar\/index.php?rest_route=%2Fwp%2Fv2%2Fcategories&post=42110"},{"taxonomy":"post_tag","embeddable":true,"href":"https:\/\/zapala8340.com.ar\/index.php?rest_route=%2Fwp%2Fv2%2Ftags&post=42110"}],"curies":[{"name":"wp","href":"https:\/\/api.w.org\/{rel}","templated":true}]}}