{"id":42124,"date":"2025-09-20T20:22:01","date_gmt":"2025-09-20T23:22:01","guid":{"rendered":"https:\/\/zapala8340.com.ar\/?p=42124"},"modified":"2025-09-20T20:50:41","modified_gmt":"2025-09-20T23:50:41","slug":"zapala-pone-el-eje-en-brindar-soluciones-habitacionales-para-la-comunidad","status":"publish","type":"post","link":"https:\/\/zapala8340.com.ar\/?p=42124","title":{"rendered":"Zapala pone el eje en brindar soluciones habitacionales para la comunidad"},"content":{"rendered":"\n<p>El intendente Carlos Koopmann recorri\u00f3 una serie de obras junto al presidente del IPVU-ADUS, Pablo Dietrich, con el objetivo de dar respuesta a un hist\u00f3rico pedido de un sector de la ciudadan\u00eda.<\/p>\n\n\n\n<p>El encuentro inici\u00f3 con la visita a las cuatro viviendas que lleva adelante el IPVU (Instituto Provincial de Vivienda y Urbanismo del Neuqu\u00e9n) ubicadas sobre calle calle Juan Domingo Per\u00f3n, detr\u00e1s de la Escuela 156. Desde all\u00ed, se trasladaron hasta Rivadavia y Acceso Fortabat, para analizar la posibilidad de reflotar la construcci\u00f3n de la residencia para Adultos Mayores de la localidad.<\/p>\n\n\n\n<p>Dicho terreno ya cuenta con los servicios y la intenci\u00f3n es construir un total de 32 departamentos. Adem\u00e1s, los funcionarios observaron los avances en las 16 viviendas bioclim\u00e1ticas que estiman, ser\u00e1n entregadas antes de fin de a\u00f1o. Dicha iniciativa forma parte del Programa de Viviendas Piloto con Eficiencia Energ\u00e9tica y Energ\u00eda Renovable.<\/p>\n\n\n\n<p>Todas ellas contar\u00e1n con sistemas de energ\u00eda renovable: solar t\u00e9rmico para agua caliente sanitaria en los cuatro prototipos, y solar fotovoltaico en el caso de la categor\u00eda 4, para la provisi\u00f3n de energ\u00eda el\u00e9ctrica.<\/p>\n\n\n\n<figure class=\"wp-block-image\"><img decoding=\"async\" src=\"https:\/\/www.zapala.gob.ar\/wp-content\/uploads\/2025\/09\/Recorrido-Carlos-Koopmann-Obras-IPVU-ADUS-Pablo-Dietrich-4-1024x640.jpg\" alt=\"\" class=\"wp-image-32485\"\/><\/figure>\n\n\n\n<p>Por \u00faltimo, se realiz\u00f3 una visita a Secci\u00f3n XV, donde se retomar\u00e1n las construcciones de nueve \u201cviviendas de emergencia\u201d, las cuales estar\u00e1n destinadas a personas de bajos recursos. En ese sentido, ya se encuentran con avance un total de seis plateas, y los destinatarios de las mismas una vez finalizadas, se definir\u00e1n a ra\u00edz de un trabajo articulado con la Secretar\u00eda de Desarrollo Humano.<\/p>\n\n\n\n<p>Un dato importante a tener en cuenta es que cualquier vecino o vecina beneficiario\/a deber\u00e1 estar inscripto en el R.U.PRO.VI (Registro \u00danico Provincial de Vivienda y H\u00e1bitat), ya que es un condicionante del propio IPVU para permitir el financiamiento<\/p>\n\n\n\n<figure class=\"wp-block-image size-large\"><img loading=\"lazy\" decoding=\"async\" width=\"1024\" height=\"640\" src=\"https:\/\/zapala8340.com.ar\/wp-content\/uploads\/2025\/09\/image-133-1024x640.png\" alt=\"\" class=\"wp-image-42126\" srcset=\"https:\/\/zapala8340.com.ar\/wp-content\/uploads\/2025\/09\/image-133-1024x640.png 1024w, https:\/\/zapala8340.com.ar\/wp-content\/uploads\/2025\/09\/image-133-300x188.png 300w, https:\/\/zapala8340.com.ar\/wp-content\/uploads\/2025\/09\/image-133-768x480.png 768w, https:\/\/zapala8340.com.ar\/wp-content\/uploads\/2025\/09\/image-133-800x500.png 800w, https:\/\/zapala8340.com.ar\/wp-content\/uploads\/2025\/09\/image-133-400x250.png 400w, https:\/\/zapala8340.com.ar\/wp-content\/uploads\/2025\/09\/image-133.png 1536w\" sizes=\"(max-width: 1024px) 100vw, 1024px\" \/><\/figure>\n\n\n\n<p>Adem\u00e1s, el intendente confirm\u00f3 que se busca reflotar la licitacion de las una serie de viviendas que se paralizaron con el cambio de gobierno nacional, y en ese sentido se analizar\u00e1 la posibilidad de que el gobierno provincial pueda retomar las gestiones.<\/p>\n\n\n\n<p><em>Subsecretar\u00eda de Prensa<\/em><\/p>\n\n\n\n<figure class=\"wp-block-image size-large\"><img loading=\"lazy\" decoding=\"async\" width=\"1024\" height=\"640\" src=\"https:\/\/zapala8340.com.ar\/wp-content\/uploads\/2025\/09\/image-132-1024x640.png\" alt=\"\" class=\"wp-image-42125\" srcset=\"https:\/\/zapala8340.com.ar\/wp-content\/uploads\/2025\/09\/image-132-1024x640.png 1024w, https:\/\/zapala8340.com.ar\/wp-content\/uploads\/2025\/09\/image-132-300x188.png 300w, https:\/\/zapala8340.com.ar\/wp-content\/uploads\/2025\/09\/image-132-768x480.png 768w, https:\/\/zapala8340.com.ar\/wp-content\/uploads\/2025\/09\/image-132-800x500.png 800w, https:\/\/zapala8340.com.ar\/wp-content\/uploads\/2025\/09\/image-132-400x250.png 400w, https:\/\/zapala8340.com.ar\/wp-content\/uploads\/2025\/09\/image-132.png 1536w\" sizes=\"(max-width: 1024px) 100vw, 1024px\" \/><\/figure>\n","protected":false},"excerpt":{"rendered":"<p>El intendente Carlos Koopmann recorri\u00f3 una serie de obras junto al presidente del IPVU-ADUS, Pablo&#8230;<\/p>\n","protected":false},"author":1,"featured_media":42125,"comment_status":"open","ping_status":"open","sticky":false,"template":"","format":"standard","meta":{"footnotes":""},"categories":[8],"tags":[],"class_list":["post-42124","post","type-post","status-publish","format-standard","has-post-thumbnail","hentry","category-zapala"],"_links":{"self":[{"href":"https:\/\/zapala8340.com.ar\/index.php?rest_route=\/wp\/v2\/posts\/42124"}],"collection":[{"href":"https:\/\/zapala8340.com.ar\/index.php?rest_route=\/wp\/v2\/posts"}],"about":[{"href":"https:\/\/zapala8340.com.ar\/index.php?rest_route=\/wp\/v2\/types\/post"}],"author":[{"embeddable":true,"href":"https:\/\/zapala8340.com.ar\/index.php?rest_route=\/wp\/v2\/users\/1"}],"replies":[{"embeddable":true,"href":"https:\/\/zapala8340.com.ar\/index.php?rest_route=%2Fwp%2Fv2%2Fcomments&post=42124"}],"version-history":[{"count":2,"href":"https:\/\/zapala8340.com.ar\/index.php?rest_route=\/wp\/v2\/posts\/42124\/revisions"}],"predecessor-version":[{"id":42129,"href":"https:\/\/zapala8340.com.ar\/index.php?rest_route=\/wp\/v2\/posts\/42124\/revisions\/42129"}],"wp:featuredmedia":[{"embeddable":true,"href":"https:\/\/zapala8340.com.ar\/index.php?rest_route=\/wp\/v2\/media\/42125"}],"wp:attachment":[{"href":"https:\/\/zapala8340.com.ar\/index.php?rest_route=%2Fwp%2Fv2%2Fmedia&parent=42124"}],"wp:term":[{"taxonomy":"category","embeddable":true,"href":"https:\/\/zapala8340.com.ar\/index.php?rest_route=%2Fwp%2Fv2%2Fcategories&post=42124"},{"taxonomy":"post_tag","embeddable":true,"href":"https:\/\/zapala8340.com.ar\/index.php?rest_route=%2Fwp%2Fv2%2Ftags&post=42124"}],"curies":[{"name":"wp","href":"https:\/\/api.w.org\/{rel}","templated":true}]}}