{"id":42164,"date":"2025-09-19T19:56:46","date_gmt":"2025-09-19T22:56:46","guid":{"rendered":"https:\/\/zapala8340.com.ar\/?p=42164"},"modified":"2025-09-24T19:57:55","modified_gmt":"2025-09-24T22:57:55","slug":"comenzo-la-cuenta-regresiva-para-vivir-otra-fiesta-nacional-del-inmigrante-y-las-colectividades-2","status":"publish","type":"post","link":"https:\/\/zapala8340.com.ar\/?p=42164","title":{"rendered":"Comenz\u00f3 la cuenta regresiva para vivir otra Fiesta Nacional del Inmigrante y las Colectividades"},"content":{"rendered":"\n<p>Los d\u00edas 10, 11 y 12 de Octubre el Paseo La Estaci\u00f3n volver\u00e1 a congregar a miles de vecinos y visitantes. Las colectividades, los comercios gastron\u00f3micos y los espect\u00e1culos ser\u00e1n los atractivos para otra fiesta que promete seguir elevando la vara.<\/p>\n\n\n\n<p>Hace meses que la organizaci\u00f3n a cargo del Municipio y todos los actores involucrados en uno de los eventos m\u00e1s importantes del a\u00f1o para la ciudad, vienen trabajando para no dejar ning\u00fan detalle librado al azar. Durante la \u00faltima semana se desarroll\u00f3 una reuni\u00f3n para poder ajustar aspectos relacionados a las normativas de seguridad e higiene en cada stand, men\u00fas y todas las consultas de los presentes.<\/p>\n\n\n\n<p>Al tratarse de una fiesta con car\u00e1cter nacional, los requisitos y est\u00e1ndares que se deben cumplir son elevados. Por eso, se trabaja fuertemente en cumplir con los aspectos bromatol\u00f3gicos necesarios. Asimismo, y buscando que la fiesta siga teniendo ese car\u00e1cter popular, la intenci\u00f3n es acordar valores de los alimentos y bebidas, para que todo el p\u00fablico pueda disfrutar de los sabores y la experiencia.<\/p>\n\n\n\n<p>Juan Solorza, reconocido chef de la regi\u00f3n y uno de los padrinos de la FNIC en el centro de la provincia, fue parte de la reuni\u00f3n y coment\u00f3 que \u201ccomo en cada edici\u00f3n, se apuesta a seguir creciendo y poder hacer algo cada vez m\u00e1s grande. Tenemos la vara bien alta y por eso trabajamos con anticipaci\u00f3n\u201d.<\/p>\n\n\n\n<p>Por \u00faltimo, consider\u00f3 que \u201cser\u00e1 una fiesta m\u00e1s grande de lo habitual, que le servir\u00e1 mucho a la comunidad porque llama la atenci\u00f3n en toda la regi\u00f3n\u201d.<\/p>\n\n\n\n<p>Cabe recordar que adem\u00e1s de la programaci\u00f3n cultural, la edici\u00f3n 2025 tendr\u00e1 otro atractivo especial: el gran sorteo de una Toyota Hilux 0KM, que se realizar\u00e1 el domingo 12 de octubre. Los n\u00fameros para participar ya se pueden adquirir con un valor de $40.000.<\/p>\n\n\n\n<p><em>Subsecretar\u00eda de Prensa<\/em><\/p>\n\n\n\n<figure class=\"wp-block-image size-large\"><img loading=\"lazy\" decoding=\"async\" width=\"1024\" height=\"640\" src=\"https:\/\/zapala8340.com.ar\/wp-content\/uploads\/2025\/09\/image-141-1024x640.png\" alt=\"\" class=\"wp-image-42165\" srcset=\"https:\/\/zapala8340.com.ar\/wp-content\/uploads\/2025\/09\/image-141-1024x640.png 1024w, https:\/\/zapala8340.com.ar\/wp-content\/uploads\/2025\/09\/image-141-300x188.png 300w, https:\/\/zapala8340.com.ar\/wp-content\/uploads\/2025\/09\/image-141-768x480.png 768w, https:\/\/zapala8340.com.ar\/wp-content\/uploads\/2025\/09\/image-141.png 1536w, https:\/\/zapala8340.com.ar\/wp-content\/uploads\/2025\/09\/image-141-800x500.png 800w, https:\/\/zapala8340.com.ar\/wp-content\/uploads\/2025\/09\/image-141-400x250.png 400w\" sizes=\"(max-width: 1024px) 100vw, 1024px\" \/><\/figure>\n","protected":false},"excerpt":{"rendered":"<p>Los d\u00edas 10, 11 y 12 de Octubre el Paseo La Estaci\u00f3n volver\u00e1 a congregar&#8230;<\/p>\n","protected":false},"author":1,"featured_media":42165,"comment_status":"open","ping_status":"open","sticky":false,"template":"","format":"standard","meta":{"footnotes":""},"categories":[8],"tags":[],"class_list":["post-42164","post","type-post","status-publish","format-standard","has-post-thumbnail","hentry","category-zapala"],"_links":{"self":[{"href":"https:\/\/zapala8340.com.ar\/index.php?rest_route=\/wp\/v2\/posts\/42164"}],"collection":[{"href":"https:\/\/zapala8340.com.ar\/index.php?rest_route=\/wp\/v2\/posts"}],"about":[{"href":"https:\/\/zapala8340.com.ar\/index.php?rest_route=\/wp\/v2\/types\/post"}],"author":[{"embeddable":true,"href":"https:\/\/zapala8340.com.ar\/index.php?rest_route=\/wp\/v2\/users\/1"}],"replies":[{"embeddable":true,"href":"https:\/\/zapala8340.com.ar\/index.php?rest_route=%2Fwp%2Fv2%2Fcomments&post=42164"}],"version-history":[{"count":1,"href":"https:\/\/zapala8340.com.ar\/index.php?rest_route=\/wp\/v2\/posts\/42164\/revisions"}],"predecessor-version":[{"id":42166,"href":"https:\/\/zapala8340.com.ar\/index.php?rest_route=\/wp\/v2\/posts\/42164\/revisions\/42166"}],"wp:featuredmedia":[{"embeddable":true,"href":"https:\/\/zapala8340.com.ar\/index.php?rest_route=\/wp\/v2\/media\/42165"}],"wp:attachment":[{"href":"https:\/\/zapala8340.com.ar\/index.php?rest_route=%2Fwp%2Fv2%2Fmedia&parent=42164"}],"wp:term":[{"taxonomy":"category","embeddable":true,"href":"https:\/\/zapala8340.com.ar\/index.php?rest_route=%2Fwp%2Fv2%2Fcategories&post=42164"},{"taxonomy":"post_tag","embeddable":true,"href":"https:\/\/zapala8340.com.ar\/index.php?rest_route=%2Fwp%2Fv2%2Ftags&post=42164"}],"curies":[{"name":"wp","href":"https:\/\/api.w.org\/{rel}","templated":true}]}}