{"id":42207,"date":"2025-09-23T18:55:34","date_gmt":"2025-09-23T21:55:34","guid":{"rendered":"https:\/\/zapala8340.com.ar\/?p=42207"},"modified":"2025-09-27T18:58:32","modified_gmt":"2025-09-27T21:58:32","slug":"se-recuerdan-los-nuevos-horarios-de-riego","status":"publish","type":"post","link":"https:\/\/zapala8340.com.ar\/?p=42207","title":{"rendered":"Se recuerdan los nuevos horarios de riego"},"content":{"rendered":"\n<p>El Ente Aut\u00e1rquico Municipal de Servicios P\u00fablicos (EAMSeP) comunica a los vecinos que ya rigen los horarios establecidos para el riego y el lavado de veredas durante la temporada primavera-verano. Con el fin de cuidar el recurso h\u00eddrico en esta \u00e9poca de mayor consumo, la actividad deber\u00e1 realizarse \u00fanicamente en dos turnos diarios: de 8 a 9 hs de la ma\u00f1ana y de 21 a 22 hs por la noche.<\/p>\n\n\n\n<p>La disposici\u00f3n responde a las condiciones clim\u00e1ticas propias de la estaci\u00f3n, buscando un uso m\u00e1s eficiente del agua y evitando p\u00e9rdidas por evaporaci\u00f3n en las horas de mayor temperatura. Al mismo tiempo, se solicita a los vecinos que, al regar o limpiar, eviten que el agua escurra hacia la v\u00eda p\u00fablica.<\/p>\n\n\n\n<p>Es importante remarcar que la Ordenanza N.\u00ba 159\/96 regula el consumo responsable del agua, mientras que la Ordenanza N.\u00ba 257\/93 establece sanciones para quienes incumplan las normas. Ambas herramientas apuntan a reforzar un comportamiento ciudadano consciente y a garantizar la disponibilidad del recurso en el tiempo.<\/p>\n\n\n\n<p>Por \u00faltimo, se recuerda que est\u00e1 prohibido el lavado de autom\u00f3viles en la v\u00eda p\u00fablica. Para esta tarea, se recomienda acudir a los espacios habilitados, en l\u00ednea con el compromiso del Municipio y el EAMSeP de reducir al m\u00e1ximo el desperdicio de agua.<\/p>\n\n\n\n<p><em>Subsecretar\u00eda de Prensa<\/em><\/p>\n\n\n\n<figure class=\"wp-block-image size-full\"><img loading=\"lazy\" decoding=\"async\" width=\"1000\" height=\"625\" src=\"https:\/\/zapala8340.com.ar\/wp-content\/uploads\/2025\/09\/image-154.png\" alt=\"\" class=\"wp-image-42208\" srcset=\"https:\/\/zapala8340.com.ar\/wp-content\/uploads\/2025\/09\/image-154.png 1000w, https:\/\/zapala8340.com.ar\/wp-content\/uploads\/2025\/09\/image-154-300x188.png 300w, https:\/\/zapala8340.com.ar\/wp-content\/uploads\/2025\/09\/image-154-768x480.png 768w, https:\/\/zapala8340.com.ar\/wp-content\/uploads\/2025\/09\/image-154-800x500.png 800w, https:\/\/zapala8340.com.ar\/wp-content\/uploads\/2025\/09\/image-154-400x250.png 400w\" sizes=\"(max-width: 1000px) 100vw, 1000px\" \/><\/figure>\n","protected":false},"excerpt":{"rendered":"<p>El Ente Aut\u00e1rquico Municipal de Servicios P\u00fablicos (EAMSeP) comunica a los vecinos que ya rigen&#8230;<\/p>\n","protected":false},"author":1,"featured_media":42208,"comment_status":"open","ping_status":"open","sticky":false,"template":"","format":"standard","meta":{"footnotes":""},"categories":[8],"tags":[],"class_list":["post-42207","post","type-post","status-publish","format-standard","has-post-thumbnail","hentry","category-zapala"],"_links":{"self":[{"href":"https:\/\/zapala8340.com.ar\/index.php?rest_route=\/wp\/v2\/posts\/42207"}],"collection":[{"href":"https:\/\/zapala8340.com.ar\/index.php?rest_route=\/wp\/v2\/posts"}],"about":[{"href":"https:\/\/zapala8340.com.ar\/index.php?rest_route=\/wp\/v2\/types\/post"}],"author":[{"embeddable":true,"href":"https:\/\/zapala8340.com.ar\/index.php?rest_route=\/wp\/v2\/users\/1"}],"replies":[{"embeddable":true,"href":"https:\/\/zapala8340.com.ar\/index.php?rest_route=%2Fwp%2Fv2%2Fcomments&post=42207"}],"version-history":[{"count":1,"href":"https:\/\/zapala8340.com.ar\/index.php?rest_route=\/wp\/v2\/posts\/42207\/revisions"}],"predecessor-version":[{"id":42209,"href":"https:\/\/zapala8340.com.ar\/index.php?rest_route=\/wp\/v2\/posts\/42207\/revisions\/42209"}],"wp:featuredmedia":[{"embeddable":true,"href":"https:\/\/zapala8340.com.ar\/index.php?rest_route=\/wp\/v2\/media\/42208"}],"wp:attachment":[{"href":"https:\/\/zapala8340.com.ar\/index.php?rest_route=%2Fwp%2Fv2%2Fmedia&parent=42207"}],"wp:term":[{"taxonomy":"category","embeddable":true,"href":"https:\/\/zapala8340.com.ar\/index.php?rest_route=%2Fwp%2Fv2%2Fcategories&post=42207"},{"taxonomy":"post_tag","embeddable":true,"href":"https:\/\/zapala8340.com.ar\/index.php?rest_route=%2Fwp%2Fv2%2Ftags&post=42207"}],"curies":[{"name":"wp","href":"https:\/\/api.w.org\/{rel}","templated":true}]}}