{"id":42219,"date":"2025-09-24T19:18:41","date_gmt":"2025-09-24T22:18:41","guid":{"rendered":"https:\/\/zapala8340.com.ar\/?p=42219"},"modified":"2025-09-27T19:20:00","modified_gmt":"2025-09-27T22:20:00","slug":"integrantes-de-casa-de-la-alegria-disfrutaron-de-un-campamento-en-villa-la-angostura","status":"publish","type":"post","link":"https:\/\/zapala8340.com.ar\/?p=42219","title":{"rendered":"Integrantes de \u201cCasa de la Alegr\u00eda\u201d disfrutaron de un campamento en Villa La Angostura"},"content":{"rendered":"\n<p>Reforzando su proceso anual y apostando a la autonom\u00eda de cada joven, los usuarios de \u201cCasa de la Alegr\u00eda\u201d vivieron un campamento de tres d\u00edas repleto de actividades.<\/p>\n\n\n\n<p>Un total de 33 personas conform\u00f3 la delegaci\u00f3n que se traslado el pasado viernes hasta la localidad cordillerana, y retorn\u00f3 tras gozar de tres jornadas inolvidables. Chicos y chicas, cuerpo de profesores, referentes de la Secretar\u00eda de Desarrollo Humano y familiares, se alojaron en la planta de campamento educativo III de Villa La Angostura, y desde all\u00ed hicieron base para vivir una experiencia que volvi\u00f3 a superar la expectativa de los organizadores.<\/p>\n\n\n\n<p>Actividades en el predio, al aire libre y bajo techo, caminatas, paseo en el centro y el lago, viaje en catamar\u00e1n y tirolesa fueron algunas de las vivencias de grandes y chicos, que con cada encuentro demuestran que el trabajo de los profesionales a lo largo del a\u00f1o ha dado sus frutos. Desde la Direcci\u00f3n de Atenci\u00f3n Integral a Personas con Discapacidad de la Municipalidad, celebraron el crecimiento de los asistentes y valoraron el trabajo en equipo, ya que \u201cse apuesta a la autonom\u00eda de cada chico, sabiendo que con cuidados y ajustes, ellos siempre pueden. Que ellos sean independientes a la hora de poder viajar, y disfrutar cada vez m\u00e1s de las actividades es producto de todo el trabajo que se hace en el a\u00f1o\u201d, manifestaron.<\/p>\n\n\n\n<p>Cabe recordar que este es el tercer campamento de \u201cCasa de La Alegr\u00eda\u201d, que a\u00f1os anteriores se hab\u00eda trasladado hasta Villa Pehuenia. Profesores de educaci\u00f3n f\u00edsica, de educaci\u00f3n especial, de m\u00fasica e integrantes del equipo t\u00e9cnico, todos han sido parte del rotundo \u00e9xito de esta nueva vivencia, que seguramente dejar\u00e1 huella en la memoria de todos los presentes.<\/p>\n\n\n\n<figure class=\"wp-block-image size-large\"><img loading=\"lazy\" decoding=\"async\" width=\"1024\" height=\"640\" src=\"https:\/\/zapala8340.com.ar\/wp-content\/uploads\/2025\/09\/image-159-1024x640.png\" alt=\"\" class=\"wp-image-42221\" srcset=\"https:\/\/zapala8340.com.ar\/wp-content\/uploads\/2025\/09\/image-159-1024x640.png 1024w, https:\/\/zapala8340.com.ar\/wp-content\/uploads\/2025\/09\/image-159-300x188.png 300w, https:\/\/zapala8340.com.ar\/wp-content\/uploads\/2025\/09\/image-159-768x480.png 768w, https:\/\/zapala8340.com.ar\/wp-content\/uploads\/2025\/09\/image-159-800x500.png 800w, https:\/\/zapala8340.com.ar\/wp-content\/uploads\/2025\/09\/image-159-400x250.png 400w, https:\/\/zapala8340.com.ar\/wp-content\/uploads\/2025\/09\/image-159.png 1536w\" sizes=\"(max-width: 1024px) 100vw, 1024px\" \/><\/figure>\n\n\n\n<p>Mientras tanto, Zapala se prepara para ser sede luego de tres a\u00f1os del COPRODIS (Consejo Provincial de Discapacidad). Este jueves y viernes, sesionar\u00e1n en el Galp\u00f3n Negro del Paseo La Estaci\u00f3n.<\/p>\n\n\n\n<p><em>Subsecretar\u00eda de Prensa<\/em><\/p>\n\n\n\n<figure class=\"wp-block-image size-large\"><img loading=\"lazy\" decoding=\"async\" width=\"1024\" height=\"640\" src=\"https:\/\/zapala8340.com.ar\/wp-content\/uploads\/2025\/09\/image-158-1024x640.png\" alt=\"\" class=\"wp-image-42220\" srcset=\"https:\/\/zapala8340.com.ar\/wp-content\/uploads\/2025\/09\/image-158-1024x640.png 1024w, https:\/\/zapala8340.com.ar\/wp-content\/uploads\/2025\/09\/image-158-300x188.png 300w, https:\/\/zapala8340.com.ar\/wp-content\/uploads\/2025\/09\/image-158-768x480.png 768w, https:\/\/zapala8340.com.ar\/wp-content\/uploads\/2025\/09\/image-158.png 1536w, https:\/\/zapala8340.com.ar\/wp-content\/uploads\/2025\/09\/image-158-800x500.png 800w, https:\/\/zapala8340.com.ar\/wp-content\/uploads\/2025\/09\/image-158-400x250.png 400w\" sizes=\"(max-width: 1024px) 100vw, 1024px\" \/><\/figure>\n","protected":false},"excerpt":{"rendered":"<p>Reforzando su proceso anual y apostando a la autonom\u00eda de cada joven, los usuarios de&#8230;<\/p>\n","protected":false},"author":1,"featured_media":42220,"comment_status":"open","ping_status":"open","sticky":false,"template":"","format":"standard","meta":{"footnotes":""},"categories":[8],"tags":[],"class_list":["post-42219","post","type-post","status-publish","format-standard","has-post-thumbnail","hentry","category-zapala"],"_links":{"self":[{"href":"https:\/\/zapala8340.com.ar\/index.php?rest_route=\/wp\/v2\/posts\/42219"}],"collection":[{"href":"https:\/\/zapala8340.com.ar\/index.php?rest_route=\/wp\/v2\/posts"}],"about":[{"href":"https:\/\/zapala8340.com.ar\/index.php?rest_route=\/wp\/v2\/types\/post"}],"author":[{"embeddable":true,"href":"https:\/\/zapala8340.com.ar\/index.php?rest_route=\/wp\/v2\/users\/1"}],"replies":[{"embeddable":true,"href":"https:\/\/zapala8340.com.ar\/index.php?rest_route=%2Fwp%2Fv2%2Fcomments&post=42219"}],"version-history":[{"count":1,"href":"https:\/\/zapala8340.com.ar\/index.php?rest_route=\/wp\/v2\/posts\/42219\/revisions"}],"predecessor-version":[{"id":42222,"href":"https:\/\/zapala8340.com.ar\/index.php?rest_route=\/wp\/v2\/posts\/42219\/revisions\/42222"}],"wp:featuredmedia":[{"embeddable":true,"href":"https:\/\/zapala8340.com.ar\/index.php?rest_route=\/wp\/v2\/media\/42220"}],"wp:attachment":[{"href":"https:\/\/zapala8340.com.ar\/index.php?rest_route=%2Fwp%2Fv2%2Fmedia&parent=42219"}],"wp:term":[{"taxonomy":"category","embeddable":true,"href":"https:\/\/zapala8340.com.ar\/index.php?rest_route=%2Fwp%2Fv2%2Fcategories&post=42219"},{"taxonomy":"post_tag","embeddable":true,"href":"https:\/\/zapala8340.com.ar\/index.php?rest_route=%2Fwp%2Fv2%2Ftags&post=42219"}],"curies":[{"name":"wp","href":"https:\/\/api.w.org\/{rel}","templated":true}]}}