{"id":42227,"date":"2025-09-24T19:24:36","date_gmt":"2025-09-24T22:24:36","guid":{"rendered":"https:\/\/zapala8340.com.ar\/?p=42227"},"modified":"2025-09-27T19:26:00","modified_gmt":"2025-09-27T22:26:00","slug":"la-municipalidad-fue-reconocida-en-la-gala-de-los-premios-argentores","status":"publish","type":"post","link":"https:\/\/zapala8340.com.ar\/?p=42227","title":{"rendered":"La Municipalidad fue reconocida en la gala de los Premios Argentores"},"content":{"rendered":"\n<p>El Premio Federal Hugo Saccoccia fue para nuestra localidad, destacando la reinauguraci\u00f3n y puesta en valor de la Biblioteca Teatral Hueney, creada por el zapalino que tanto le dio a la cultura de la ciudad.<\/p>\n\n\n\n<p>D\u00edas atr\u00e1s, se desarroll\u00f3 la gala de los Premios Argentores en el Auditorio Gregorio de Laferr\u00e9re de Argentores, donde asisti\u00f3 el intendente Carlos Koopmann y la Secretaria de Cultura, Mar\u00eda Jos\u00e9 Rodr\u00edguez.<\/p>\n\n\n\n<p>En determinado momento de la noche, llegar\u00eda el instante de la entrega del Premio Federal Hugo Saccoccia, una distinci\u00f3n \u00edntimamente ligada al programa \u201cArgentores Federal\u201d, una iniciativa de acci\u00f3n que este a\u00f1o cumple diez a\u00f1os y que naci\u00f3, bajo la direcci\u00f3n del Secretario de la entidad, Guillermo Hardwick, con la finalidad de mejorar la comunicaci\u00f3n y servicios para las autoras y los autores de todo el pa\u00eds.<\/p>\n\n\n\n<figure class=\"wp-block-image size-large\"><img loading=\"lazy\" decoding=\"async\" width=\"1024\" height=\"640\" src=\"https:\/\/zapala8340.com.ar\/wp-content\/uploads\/2025\/09\/image-162-1024x640.png\" alt=\"\" class=\"wp-image-42229\" srcset=\"https:\/\/zapala8340.com.ar\/wp-content\/uploads\/2025\/09\/image-162-1024x640.png 1024w, https:\/\/zapala8340.com.ar\/wp-content\/uploads\/2025\/09\/image-162-300x188.png 300w, https:\/\/zapala8340.com.ar\/wp-content\/uploads\/2025\/09\/image-162-768x480.png 768w, https:\/\/zapala8340.com.ar\/wp-content\/uploads\/2025\/09\/image-162-800x500.png 800w, https:\/\/zapala8340.com.ar\/wp-content\/uploads\/2025\/09\/image-162-400x250.png 400w, https:\/\/zapala8340.com.ar\/wp-content\/uploads\/2025\/09\/image-162.png 1536w\" sizes=\"(max-width: 1024px) 100vw, 1024px\" \/><\/figure>\n\n\n\n<p>Este a\u00f1o, el Premio Federal Hugo Saccoccia fue para la Municipalidad de Zapala, por la reinauguraci\u00f3n y puesta en valor de la Biblioteca Teatral Hueney, creada por Hugo Saccoccia, cuyo valioso patrimonio literario est\u00e1 siendo actualmente reclasificado en las instalaciones del Museo Hist\u00f3rico de Zapala con la colaboraci\u00f3n en curadur\u00eda de la Biblioteca de la Universidad Nacional del Comahue.<\/p>\n\n\n\n<p>La distinci\u00f3n fue recibida por el Intendente, quien luego expres\u00f3 su felicidad al respecto: \u201cEste reconocimiento nos llena de satisfacci\u00f3n, porque pone en valor el trabajo que llevamos adelante desde el municipio, para cuidar y proyectar nuestro patrimonio cultural\u201d. Al mismo tiempo, agreg\u00f3 que \u201cvinimos a Argentores a dejarles una placa en reconocimiento a Hugo, y nos terminamos llevando una sorpresa hermosa. Este orgullo nos lo llevamos a Zapala\u201d.<\/p>\n\n\n\n<p>Por su parte, Mar\u00eda Jos\u00e9 Rodr\u00edguez, dijo que \u201cEn el sur es m\u00e1s dif\u00edcil que llegue todo, pero Hugo daba mucho para el resto del pa\u00eds. Este premio es de todos, porque la biblioteca ya es patrimonio nacional. Hoy la tecnolog\u00eda nos acerca, por eso trabajamos fuerte con la UNCo para que todo el mundo acceda a esas obras\u201d.<\/p>\n\n\n\n<p><em>Subsecretar\u00eda de Prensa<\/em><\/p>\n\n\n\n<p><\/p>\n\n\n\n<figure class=\"wp-block-image size-large\"><img loading=\"lazy\" decoding=\"async\" width=\"1024\" height=\"640\" src=\"https:\/\/zapala8340.com.ar\/wp-content\/uploads\/2025\/09\/image-161-1024x640.png\" alt=\"\" class=\"wp-image-42228\" srcset=\"https:\/\/zapala8340.com.ar\/wp-content\/uploads\/2025\/09\/image-161-1024x640.png 1024w, https:\/\/zapala8340.com.ar\/wp-content\/uploads\/2025\/09\/image-161-300x188.png 300w, https:\/\/zapala8340.com.ar\/wp-content\/uploads\/2025\/09\/image-161-768x480.png 768w, https:\/\/zapala8340.com.ar\/wp-content\/uploads\/2025\/09\/image-161.png 1536w, https:\/\/zapala8340.com.ar\/wp-content\/uploads\/2025\/09\/image-161-800x500.png 800w, https:\/\/zapala8340.com.ar\/wp-content\/uploads\/2025\/09\/image-161-400x250.png 400w\" sizes=\"(max-width: 1024px) 100vw, 1024px\" \/><\/figure>\n","protected":false},"excerpt":{"rendered":"<p>El Premio Federal Hugo Saccoccia fue para nuestra localidad, destacando la reinauguraci\u00f3n y puesta en&#8230;<\/p>\n","protected":false},"author":1,"featured_media":42229,"comment_status":"open","ping_status":"open","sticky":false,"template":"","format":"standard","meta":{"footnotes":""},"categories":[8],"tags":[],"class_list":["post-42227","post","type-post","status-publish","format-standard","has-post-thumbnail","hentry","category-zapala"],"_links":{"self":[{"href":"https:\/\/zapala8340.com.ar\/index.php?rest_route=\/wp\/v2\/posts\/42227"}],"collection":[{"href":"https:\/\/zapala8340.com.ar\/index.php?rest_route=\/wp\/v2\/posts"}],"about":[{"href":"https:\/\/zapala8340.com.ar\/index.php?rest_route=\/wp\/v2\/types\/post"}],"author":[{"embeddable":true,"href":"https:\/\/zapala8340.com.ar\/index.php?rest_route=\/wp\/v2\/users\/1"}],"replies":[{"embeddable":true,"href":"https:\/\/zapala8340.com.ar\/index.php?rest_route=%2Fwp%2Fv2%2Fcomments&post=42227"}],"version-history":[{"count":1,"href":"https:\/\/zapala8340.com.ar\/index.php?rest_route=\/wp\/v2\/posts\/42227\/revisions"}],"predecessor-version":[{"id":42230,"href":"https:\/\/zapala8340.com.ar\/index.php?rest_route=\/wp\/v2\/posts\/42227\/revisions\/42230"}],"wp:featuredmedia":[{"embeddable":true,"href":"https:\/\/zapala8340.com.ar\/index.php?rest_route=\/wp\/v2\/media\/42229"}],"wp:attachment":[{"href":"https:\/\/zapala8340.com.ar\/index.php?rest_route=%2Fwp%2Fv2%2Fmedia&parent=42227"}],"wp:term":[{"taxonomy":"category","embeddable":true,"href":"https:\/\/zapala8340.com.ar\/index.php?rest_route=%2Fwp%2Fv2%2Fcategories&post=42227"},{"taxonomy":"post_tag","embeddable":true,"href":"https:\/\/zapala8340.com.ar\/index.php?rest_route=%2Fwp%2Fv2%2Ftags&post=42227"}],"curies":[{"name":"wp","href":"https:\/\/api.w.org\/{rel}","templated":true}]}}