{"id":42238,"date":"2025-09-25T18:53:07","date_gmt":"2025-09-25T21:53:07","guid":{"rendered":"https:\/\/zapala8340.com.ar\/?p=42238"},"modified":"2025-09-28T18:54:47","modified_gmt":"2025-09-28T21:54:47","slug":"nueva-entrega-de-kits-de-semillas-primavera-verano-en-zapala","status":"publish","type":"post","link":"https:\/\/zapala8340.com.ar\/?p=42238","title":{"rendered":"Nueva entrega de kits de semillas primavera-verano en Zapala"},"content":{"rendered":"\n<h2 class=\"wp-block-heading\">El Municipio pone en marcha una nueva edici\u00f3n del programa de distribuci\u00f3n de kits de semillas, correspondiente a la temporada primavera-verano 2025. La propuesta busca acompa\u00f1ar a las familias zapalinas en la producci\u00f3n de sus propios alimentos y seguir difundiendo h\u00e1bitos de consumo m\u00e1s saludables.<\/h2>\n\n\n\n<p>Entre el 26 de septiembre y el 3 de octubre, los vecinos podr\u00e1n retirar gratuitamente su kit en distintos puntos de la ciudad. No es necesario inscribirse previamente, pero se entregar\u00e1 un solo kit por grupo familiar y los interesados deber\u00e1n ser mayores de 18 a\u00f1os.<\/p>\n\n\n\n<figure class=\"wp-block-image size-full\"><img loading=\"lazy\" decoding=\"async\" width=\"1024\" height=\"640\" src=\"https:\/\/zapala8340.com.ar\/wp-content\/uploads\/2025\/09\/image-166.png\" alt=\"\" class=\"wp-image-42240\" srcset=\"https:\/\/zapala8340.com.ar\/wp-content\/uploads\/2025\/09\/image-166.png 1024w, https:\/\/zapala8340.com.ar\/wp-content\/uploads\/2025\/09\/image-166-300x188.png 300w, https:\/\/zapala8340.com.ar\/wp-content\/uploads\/2025\/09\/image-166-768x480.png 768w, https:\/\/zapala8340.com.ar\/wp-content\/uploads\/2025\/09\/image-166-800x500.png 800w, https:\/\/zapala8340.com.ar\/wp-content\/uploads\/2025\/09\/image-166-400x250.png 400w\" sizes=\"(max-width: 1024px) 100vw, 1024px\" \/><\/figure>\n\n\n\n<p>Cronograma de entrega:<br>\u2022 Viernes 26\/9 \u2013 Av. Roca 757, de 8 a 13 hs.<br>\u2022 Lunes 29\/9 \u2013 Av. Roca 757, de 8 a 13 hs.<br>\u2022 Martes 30\/9 \u2013 Nodo de Producci\u00f3n (Soldado \u00c1guila \u2013 Lote 18), de 14.30 a 17 hs.<br>\u2022 Mi\u00e9rcoles 1\/10 \u2013 Centro de D\u00eda (calle Laguna Blanca), de 10.30 a 12 hs.<br>\u2022 Jueves 2\/10 \u2013 Huerta Los Girasoles (Centro de Salud B\u00b0 582 Viviendas), de 14 a 17 hs.<br>\u2022 Viernes 3\/10 \u2013 Av. Roca 757, de 8 a 13 hs.<\/p>\n\n\n\n<p>Cada kit contiene semillas de estaci\u00f3n listas para la siembra en huertas familiares o comunitarias. Entre ellas se encuentran variedades como ma\u00edz, acelga, zanahoria, remolacha, cilantro, perejil, albahaca, lechuga, habas, arvejas, zapallo anco, zapallo veron\u00e9s, pepino y mel\u00f3n.<\/p>\n\n\n\n<p>Este programa apunta a fortalecer la econom\u00eda de los hogares, alentando la producci\u00f3n local de verduras y frutas frescas. Adem\u00e1s, desde el \u00e1rea organizadora remarcan el valor de la agricultura urbana como pr\u00e1ctica educativa, de encuentro y de cuidado del medioambiente.<\/p>\n\n\n\n<p><em>Subsecretar\u00eda de Prensa<\/em><\/p>\n\n\n\n<figure class=\"wp-block-image size-large\"><img loading=\"lazy\" decoding=\"async\" width=\"1024\" height=\"640\" src=\"https:\/\/zapala8340.com.ar\/wp-content\/uploads\/2025\/09\/image-165-1024x640.png\" alt=\"\" class=\"wp-image-42239\" srcset=\"https:\/\/zapala8340.com.ar\/wp-content\/uploads\/2025\/09\/image-165-1024x640.png 1024w, https:\/\/zapala8340.com.ar\/wp-content\/uploads\/2025\/09\/image-165-300x188.png 300w, https:\/\/zapala8340.com.ar\/wp-content\/uploads\/2025\/09\/image-165-768x480.png 768w, https:\/\/zapala8340.com.ar\/wp-content\/uploads\/2025\/09\/image-165.png 1536w, https:\/\/zapala8340.com.ar\/wp-content\/uploads\/2025\/09\/image-165-800x500.png 800w, https:\/\/zapala8340.com.ar\/wp-content\/uploads\/2025\/09\/image-165-400x250.png 400w\" sizes=\"(max-width: 1024px) 100vw, 1024px\" \/><\/figure>\n","protected":false},"excerpt":{"rendered":"<p>El Municipio pone en marcha una nueva edici\u00f3n del programa de distribuci\u00f3n de kits de&#8230;<\/p>\n","protected":false},"author":1,"featured_media":42239,"comment_status":"open","ping_status":"open","sticky":false,"template":"","format":"standard","meta":{"footnotes":""},"categories":[8],"tags":[],"class_list":["post-42238","post","type-post","status-publish","format-standard","has-post-thumbnail","hentry","category-zapala"],"_links":{"self":[{"href":"https:\/\/zapala8340.com.ar\/index.php?rest_route=\/wp\/v2\/posts\/42238"}],"collection":[{"href":"https:\/\/zapala8340.com.ar\/index.php?rest_route=\/wp\/v2\/posts"}],"about":[{"href":"https:\/\/zapala8340.com.ar\/index.php?rest_route=\/wp\/v2\/types\/post"}],"author":[{"embeddable":true,"href":"https:\/\/zapala8340.com.ar\/index.php?rest_route=\/wp\/v2\/users\/1"}],"replies":[{"embeddable":true,"href":"https:\/\/zapala8340.com.ar\/index.php?rest_route=%2Fwp%2Fv2%2Fcomments&post=42238"}],"version-history":[{"count":1,"href":"https:\/\/zapala8340.com.ar\/index.php?rest_route=\/wp\/v2\/posts\/42238\/revisions"}],"predecessor-version":[{"id":42241,"href":"https:\/\/zapala8340.com.ar\/index.php?rest_route=\/wp\/v2\/posts\/42238\/revisions\/42241"}],"wp:featuredmedia":[{"embeddable":true,"href":"https:\/\/zapala8340.com.ar\/index.php?rest_route=\/wp\/v2\/media\/42239"}],"wp:attachment":[{"href":"https:\/\/zapala8340.com.ar\/index.php?rest_route=%2Fwp%2Fv2%2Fmedia&parent=42238"}],"wp:term":[{"taxonomy":"category","embeddable":true,"href":"https:\/\/zapala8340.com.ar\/index.php?rest_route=%2Fwp%2Fv2%2Fcategories&post=42238"},{"taxonomy":"post_tag","embeddable":true,"href":"https:\/\/zapala8340.com.ar\/index.php?rest_route=%2Fwp%2Fv2%2Ftags&post=42238"}],"curies":[{"name":"wp","href":"https:\/\/api.w.org\/{rel}","templated":true}]}}