{"id":42242,"date":"2025-09-25T18:57:57","date_gmt":"2025-09-25T21:57:57","guid":{"rendered":"https:\/\/zapala8340.com.ar\/?p=42242"},"modified":"2025-09-28T18:59:34","modified_gmt":"2025-09-28T21:59:34","slug":"zapala-recicla-inicia-la-proxima-semana-en-el-barrio-pino-azul","status":"publish","type":"post","link":"https:\/\/zapala8340.com.ar\/?p=42242","title":{"rendered":"Zapala Recicla inicia la pr\u00f3xima semana en el Barrio Pino Azul"},"content":{"rendered":"\n<h2 class=\"wp-block-heading\">Desde la Secretar\u00eda de Ambiente y Desarrollo Sustentable de la Municipalidad se informa a la comunidad, y especialmente a los vecinos del Barrio Pino Azul, que la pr\u00f3xima semana iniciar\u00e1 el programa Zapala Recicla en dicho sector.<\/h2>\n\n\n\n<p>Desde el mi\u00e9rcoles 1 de octubre se comenzar\u00e1 con un retiro semanal puerta por puerta de residuos reciclables, retirando papel, cart\u00f3n, vidrio y pl\u00e1stico limpios siempre los d\u00edas mi\u00e9rcoles en el horario de 14 a 18 hs.<\/p>\n\n\n\n<p>Con este programa, se busca replicar lo realizado en el B\u00b0 Ren\u00e9 Favaloro, siendo el primero de los barrios zapalinos en recibir esta campa\u00f1a. De esta manera, Zapala Recicla apunta a llegar a 482 viviendas del Pino Azul.<\/p>\n\n\n\n<figure class=\"wp-block-image\"><img decoding=\"async\" src=\"https:\/\/www.zapala.gob.ar\/wp-content\/uploads\/2025\/09\/ZAPALA-RECICLA-2-1024x640.jpg\" alt=\"\" class=\"wp-image-32674\"\/><\/figure>\n\n\n\n<p>Durante esta semana, se continuar\u00e1 con la campa\u00f1a informativa, brindando detalles sobre el funcionamiento del programa y entregando imanes con el d\u00eda y horario del retiro de reciclables. El objetivo de esto es que cada familia cuente con la informaci\u00f3n necesaria para comenzar a separar sus residuos en el hogar. Una vez completada la recolecci\u00f3n, todos esos residuos continuar\u00e1n su camino a la Cooperativa \u201cManos a la Obra\u201d, quien tendr\u00e1 la tarea de clasificarlo y darle el tratamiento correspondiente, garantizando as\u00ed que los residuos se transformen en recursos.<\/p>\n\n\n\n<p>La iniciativa representa mucho m\u00e1s que un simple cronograma de recolecci\u00f3n: es un paso fundamental hacia la econom\u00eda circular, un modelo que promueve la reducci\u00f3n del impacto ambiental y fomenta un uso m\u00e1s responsable de los recursos.<\/p>\n\n\n\n<p><em>Subsecretar\u00eda de Prensa<\/em><\/p>\n\n\n\n<figure class=\"wp-block-image size-large\"><img loading=\"lazy\" decoding=\"async\" width=\"1024\" height=\"640\" src=\"https:\/\/zapala8340.com.ar\/wp-content\/uploads\/2025\/09\/image-167-1024x640.png\" alt=\"\" class=\"wp-image-42243\" srcset=\"https:\/\/zapala8340.com.ar\/wp-content\/uploads\/2025\/09\/image-167-1024x640.png 1024w, https:\/\/zapala8340.com.ar\/wp-content\/uploads\/2025\/09\/image-167-300x188.png 300w, https:\/\/zapala8340.com.ar\/wp-content\/uploads\/2025\/09\/image-167-768x480.png 768w, https:\/\/zapala8340.com.ar\/wp-content\/uploads\/2025\/09\/image-167.png 1536w, https:\/\/zapala8340.com.ar\/wp-content\/uploads\/2025\/09\/image-167-800x500.png 800w, https:\/\/zapala8340.com.ar\/wp-content\/uploads\/2025\/09\/image-167-400x250.png 400w\" sizes=\"(max-width: 1024px) 100vw, 1024px\" \/><\/figure>\n","protected":false},"excerpt":{"rendered":"<p>Desde la Secretar\u00eda de Ambiente y Desarrollo Sustentable de la Municipalidad se informa a la&#8230;<\/p>\n","protected":false},"author":1,"featured_media":42243,"comment_status":"open","ping_status":"open","sticky":false,"template":"","format":"standard","meta":{"footnotes":""},"categories":[8],"tags":[],"class_list":["post-42242","post","type-post","status-publish","format-standard","has-post-thumbnail","hentry","category-zapala"],"_links":{"self":[{"href":"https:\/\/zapala8340.com.ar\/index.php?rest_route=\/wp\/v2\/posts\/42242"}],"collection":[{"href":"https:\/\/zapala8340.com.ar\/index.php?rest_route=\/wp\/v2\/posts"}],"about":[{"href":"https:\/\/zapala8340.com.ar\/index.php?rest_route=\/wp\/v2\/types\/post"}],"author":[{"embeddable":true,"href":"https:\/\/zapala8340.com.ar\/index.php?rest_route=\/wp\/v2\/users\/1"}],"replies":[{"embeddable":true,"href":"https:\/\/zapala8340.com.ar\/index.php?rest_route=%2Fwp%2Fv2%2Fcomments&post=42242"}],"version-history":[{"count":2,"href":"https:\/\/zapala8340.com.ar\/index.php?rest_route=\/wp\/v2\/posts\/42242\/revisions"}],"predecessor-version":[{"id":42245,"href":"https:\/\/zapala8340.com.ar\/index.php?rest_route=\/wp\/v2\/posts\/42242\/revisions\/42245"}],"wp:featuredmedia":[{"embeddable":true,"href":"https:\/\/zapala8340.com.ar\/index.php?rest_route=\/wp\/v2\/media\/42243"}],"wp:attachment":[{"href":"https:\/\/zapala8340.com.ar\/index.php?rest_route=%2Fwp%2Fv2%2Fmedia&parent=42242"}],"wp:term":[{"taxonomy":"category","embeddable":true,"href":"https:\/\/zapala8340.com.ar\/index.php?rest_route=%2Fwp%2Fv2%2Fcategories&post=42242"},{"taxonomy":"post_tag","embeddable":true,"href":"https:\/\/zapala8340.com.ar\/index.php?rest_route=%2Fwp%2Fv2%2Ftags&post=42242"}],"curies":[{"name":"wp","href":"https:\/\/api.w.org\/{rel}","templated":true}]}}