{"id":42246,"date":"2025-09-26T19:00:52","date_gmt":"2025-09-26T22:00:52","guid":{"rendered":"https:\/\/zapala8340.com.ar\/?p=42246"},"modified":"2025-09-28T19:02:46","modified_gmt":"2025-09-28T22:02:46","slug":"la-orquesta-infanto-juvenil-se-presenta-hoy-en-neuquen","status":"publish","type":"post","link":"https:\/\/zapala8340.com.ar\/?p=42246","title":{"rendered":"La Orquesta Infanto Juvenil se presenta hoy en Neuqu\u00e9n"},"content":{"rendered":"\n<p>La Orquesta Infanto Juvenil \u201cFlor Argentina\u201d tendr\u00e1 esta tarde una presentaci\u00f3n especial en Neuqu\u00e9n Capital.<br>Desde las 18.30 hs, el proyecto art\u00edstico y educativo impulsado por la Municipalidad de Zapala dir\u00e1 presente en el Cine Teatro Espa\u00f1ol.<\/p>\n\n\n\n<p>Bajo la direcci\u00f3n del m\u00fasico y profesor \u201cRulo\u201d Mendoza, la orquesta ofrecer\u00e1 un gran programa que recorrer\u00e1 diferentes g\u00e9neros y llevar\u00e1 al p\u00fablico a momentos entra\u00f1ables con la poes\u00eda de Luis Alberto Spinetta y la identidad patag\u00f3nica de Marcelo Berbel, entre otros grandes compositores del rock y del folklore.<\/p>\n\n\n\n<p>La Orquesta Infanto Juvenil fue creada en 2019 y depende de la Secretar\u00eda de Cultura del Municipio. La misma est\u00e1 integrada por estudiantes de nivel primario y secundario, que ensayan tres veces por semana en la Casa de la Cultura, donde se forman en t\u00e9cnica instrumental, lenguaje musical y ensamble. Adem\u00e1s de sus conciertos did\u00e1cticos, la orquesta avanza en la grabaci\u00f3n de su repertorio completo.<\/p>\n\n\n\n<p>En paralelo, sus docentes conformaron un ensamble que interpreta m\u00fasica popular argentina y latinoamericana, ampliando el horizonte art\u00edstico de la propuesta.<\/p>\n\n\n\n<p>Esta nueva presentaci\u00f3n ser\u00e1 la segunda del mes fuera de Zapala, ya que el pasado 6 de septiembre sus integrantes fueron parte del homenaje que se realiz\u00f3 por los 100 a\u00f1os del natalicio del poeta y cantautor Marcelo Berbel, en la localidad de Las Lajas.<\/p>\n\n\n\n<p><em>Subsecretar\u00eda de Prensa<\/em><\/p>\n\n\n\n<figure class=\"wp-block-image size-large\"><img loading=\"lazy\" decoding=\"async\" width=\"1024\" height=\"640\" src=\"https:\/\/zapala8340.com.ar\/wp-content\/uploads\/2025\/09\/image-168-1024x640.png\" alt=\"\" class=\"wp-image-42247\" srcset=\"https:\/\/zapala8340.com.ar\/wp-content\/uploads\/2025\/09\/image-168-1024x640.png 1024w, https:\/\/zapala8340.com.ar\/wp-content\/uploads\/2025\/09\/image-168-300x188.png 300w, https:\/\/zapala8340.com.ar\/wp-content\/uploads\/2025\/09\/image-168-768x480.png 768w, https:\/\/zapala8340.com.ar\/wp-content\/uploads\/2025\/09\/image-168.png 1536w, https:\/\/zapala8340.com.ar\/wp-content\/uploads\/2025\/09\/image-168-800x500.png 800w, https:\/\/zapala8340.com.ar\/wp-content\/uploads\/2025\/09\/image-168-400x250.png 400w\" sizes=\"(max-width: 1024px) 100vw, 1024px\" \/><\/figure>\n","protected":false},"excerpt":{"rendered":"<p>La Orquesta Infanto Juvenil \u201cFlor Argentina\u201d tendr\u00e1 esta tarde una presentaci\u00f3n especial en Neuqu\u00e9n Capital.Desde&#8230;<\/p>\n","protected":false},"author":1,"featured_media":42247,"comment_status":"open","ping_status":"open","sticky":false,"template":"","format":"standard","meta":{"footnotes":""},"categories":[8],"tags":[],"class_list":["post-42246","post","type-post","status-publish","format-standard","has-post-thumbnail","hentry","category-zapala"],"_links":{"self":[{"href":"https:\/\/zapala8340.com.ar\/index.php?rest_route=\/wp\/v2\/posts\/42246"}],"collection":[{"href":"https:\/\/zapala8340.com.ar\/index.php?rest_route=\/wp\/v2\/posts"}],"about":[{"href":"https:\/\/zapala8340.com.ar\/index.php?rest_route=\/wp\/v2\/types\/post"}],"author":[{"embeddable":true,"href":"https:\/\/zapala8340.com.ar\/index.php?rest_route=\/wp\/v2\/users\/1"}],"replies":[{"embeddable":true,"href":"https:\/\/zapala8340.com.ar\/index.php?rest_route=%2Fwp%2Fv2%2Fcomments&post=42246"}],"version-history":[{"count":1,"href":"https:\/\/zapala8340.com.ar\/index.php?rest_route=\/wp\/v2\/posts\/42246\/revisions"}],"predecessor-version":[{"id":42248,"href":"https:\/\/zapala8340.com.ar\/index.php?rest_route=\/wp\/v2\/posts\/42246\/revisions\/42248"}],"wp:featuredmedia":[{"embeddable":true,"href":"https:\/\/zapala8340.com.ar\/index.php?rest_route=\/wp\/v2\/media\/42247"}],"wp:attachment":[{"href":"https:\/\/zapala8340.com.ar\/index.php?rest_route=%2Fwp%2Fv2%2Fmedia&parent=42246"}],"wp:term":[{"taxonomy":"category","embeddable":true,"href":"https:\/\/zapala8340.com.ar\/index.php?rest_route=%2Fwp%2Fv2%2Fcategories&post=42246"},{"taxonomy":"post_tag","embeddable":true,"href":"https:\/\/zapala8340.com.ar\/index.php?rest_route=%2Fwp%2Fv2%2Ftags&post=42246"}],"curies":[{"name":"wp","href":"https:\/\/api.w.org\/{rel}","templated":true}]}}