{"id":42282,"date":"2025-09-29T11:38:52","date_gmt":"2025-09-29T14:38:52","guid":{"rendered":"https:\/\/zapala8340.com.ar\/?p=42282"},"modified":"2025-09-29T11:38:53","modified_gmt":"2025-09-29T14:38:53","slug":"convocatoria-a-solicitantes-de-lotes-para-vivienda-periodo-2019-2020","status":"publish","type":"post","link":"https:\/\/zapala8340.com.ar\/?p=42282","title":{"rendered":"Convocatoria a solicitantes de lotes para vivienda per\u00edodo 2019-2020"},"content":{"rendered":"\n<p>La Municipalidad de Zapala, a trav\u00e9s de la Secretar\u00eda de Planificaci\u00f3n Urbana y Obras P\u00fablicas, informa que durante el mes de octubre se desarrollar\u00e1 una nueva etapa de la convocatoria destinada a solicitantes de lotes para vivienda.<\/p>\n\n\n\n<p>En esta oportunidad, podr\u00e1n participar todas aquellas personas que hayan presentado su solicitud para la adjudicaci\u00f3n de un lote con destino a la construcci\u00f3n de una vivienda familiar entre los a\u00f1os 2019 y 2020 inclusive.<\/p>\n\n\n\n<p>Las y los interesados deber\u00e1n concurrir de manera personal para actualizar su situaci\u00f3n y verificar los datos correspondientes. La atenci\u00f3n se llevar\u00e1 adelante en la Coordinaci\u00f3n General de Vecinales e Instituciones Civiles (Zeballos y Avellaneda), del 1 al 31 de octubre, en el horario de 9 a 11 hs.<\/p>\n\n\n\n<p>Para completar el tr\u00e1mite ser\u00e1 indispensable presentar el DNI junto al comprobante de la solicitud original.<br>Desde el Municipio se subraya la importancia de que todas las personas incluidas en esta etapa se acerquen, ya que ello permitir\u00e1 avanzar con los procesos de regularizaci\u00f3n y adjudicaci\u00f3n de lotes.<\/p>\n\n\n\n<p>Cabe recordar que en el mes de junio se convoc\u00f3 a quienes hab\u00edan iniciado su solicitud hasta el a\u00f1o 2015 inclusive y en agosto para aquellos que comenzaron el tr\u00e1mite entre 2016 y 2018 inclusive.<\/p>\n\n\n\n<p><em>Subsecretar\u00eda de Prensa<\/em><\/p>\n\n\n\n<figure class=\"wp-block-image\"><img decoding=\"async\" src=\"blob:https:\/\/zapala8340.com.ar\/29af629c-2a49-4610-bf98-66330cb9173a\" alt=\"\"\/><\/figure>\n","protected":false},"excerpt":{"rendered":"<p>La Municipalidad de Zapala, a trav\u00e9s de la Secretar\u00eda de Planificaci\u00f3n Urbana y Obras P\u00fablicas,&#8230;<\/p>\n","protected":false},"author":1,"featured_media":42283,"comment_status":"open","ping_status":"open","sticky":false,"template":"","format":"standard","meta":{"footnotes":""},"categories":[8],"tags":[],"class_list":["post-42282","post","type-post","status-publish","format-standard","has-post-thumbnail","hentry","category-zapala"],"_links":{"self":[{"href":"https:\/\/zapala8340.com.ar\/index.php?rest_route=\/wp\/v2\/posts\/42282"}],"collection":[{"href":"https:\/\/zapala8340.com.ar\/index.php?rest_route=\/wp\/v2\/posts"}],"about":[{"href":"https:\/\/zapala8340.com.ar\/index.php?rest_route=\/wp\/v2\/types\/post"}],"author":[{"embeddable":true,"href":"https:\/\/zapala8340.com.ar\/index.php?rest_route=\/wp\/v2\/users\/1"}],"replies":[{"embeddable":true,"href":"https:\/\/zapala8340.com.ar\/index.php?rest_route=%2Fwp%2Fv2%2Fcomments&post=42282"}],"version-history":[{"count":2,"href":"https:\/\/zapala8340.com.ar\/index.php?rest_route=\/wp\/v2\/posts\/42282\/revisions"}],"predecessor-version":[{"id":42285,"href":"https:\/\/zapala8340.com.ar\/index.php?rest_route=\/wp\/v2\/posts\/42282\/revisions\/42285"}],"wp:featuredmedia":[{"embeddable":true,"href":"https:\/\/zapala8340.com.ar\/index.php?rest_route=\/wp\/v2\/media\/42283"}],"wp:attachment":[{"href":"https:\/\/zapala8340.com.ar\/index.php?rest_route=%2Fwp%2Fv2%2Fmedia&parent=42282"}],"wp:term":[{"taxonomy":"category","embeddable":true,"href":"https:\/\/zapala8340.com.ar\/index.php?rest_route=%2Fwp%2Fv2%2Fcategories&post=42282"},{"taxonomy":"post_tag","embeddable":true,"href":"https:\/\/zapala8340.com.ar\/index.php?rest_route=%2Fwp%2Fv2%2Ftags&post=42282"}],"curies":[{"name":"wp","href":"https:\/\/api.w.org\/{rel}","templated":true}]}}