{"id":42286,"date":"2025-09-30T10:11:56","date_gmt":"2025-09-30T13:11:56","guid":{"rendered":"https:\/\/zapala8340.com.ar\/?p=42286"},"modified":"2025-09-30T10:11:57","modified_gmt":"2025-09-30T13:11:57","slug":"zapala-volvio-a-vibrar-con-el-pre-cosquin","status":"publish","type":"post","link":"https:\/\/zapala8340.com.ar\/?p=42286","title":{"rendered":"Zapala volvi\u00f3 a vibrar con el Pre Cosqu\u00edn"},"content":{"rendered":"\n<p>Una vez m\u00e1s, Zapala fue escenario de una verdadera fiesta cultural albergando una nueva edici\u00f3n del Pre Cosqu\u00edn en el Cine Teatro Municipal. Con un marco de p\u00fablico que acompa\u00f1\u00f3 de principio a fin, artistas locales y de localidades vecinas demostraron todo su talento en m\u00fasica y danza, dejando en claro que el folklore sigue latiendo con fuerza en la regi\u00f3n.<\/p>\n\n\n\n<p>El certamen, que a\u00f1o tras a\u00f1o suma participantes y espectadores, ofreci\u00f3 una amplia variedad de propuestas art\u00edsticas: desde voces j\u00f3venes hasta experimentados bailarines que con su despliegue emocionaron al p\u00fablico presente. La velada se convirti\u00f3 en un espacio de encuentro, donde la cultura popular fue la gran protagonista.<\/p>\n\n\n\n<p>Los ganadores de esta instancia representar\u00e1n a la ciudad en el mes de enero, cuando viajen a C\u00f3rdoba para competir en el Pre Cosqu\u00edn frente a delegaciones de todo el pa\u00eds. All\u00ed buscar\u00e1n un lugar en el prestigioso Festival Nacional de Folklore 2026, el evento m\u00e1s importante de la m\u00fasica y la danza folkl\u00f3rica argentina.<\/p>\n\n\n\n<p>El paso del Pre Cosqu\u00edn por Zapala ratifica una vez m\u00e1s la importancia de la ciudad como punto cultural de referencia en la Patagonia, y deja la expectativa de que los representantes locales puedan brillar en el escenario mayor de la m\u00fasica nacional.<\/p>\n\n\n\n<figure class=\"wp-block-image\"><img decoding=\"async\" src=\"https:\/\/www.zapala.gob.ar\/wp-content\/uploads\/2025\/09\/Pre-Cosquin-3-1024x640.jpg\" alt=\"\" class=\"wp-image-32730\"\/><\/figure>\n\n\n\n<p>A continuaci\u00f3n, compartimos los ganadores en cada categor\u00eda:<\/p>\n\n\n\n<p>Solista vocal: Samanta Juncos<\/p>\n\n\n\n<p>Solista vocal: Pablo Castillo<\/p>\n\n\n\n<p>Solista Instrumental: Mat\u00edas Hermosilla<\/p>\n\n\n\n<p>Canci\u00f3n in\u00e9dita: Estela Morales y Dami\u00e1n Epull\u00e1n<\/p>\n\n\n\n<p>Pareja de baile tradicional: Danise Rivas y Sergio Reyes<\/p>\n\n\n\n<p>Solista malambo masculino: Gonzalo Godoy<\/p>\n\n\n\n<p>Solista malambo femenino: Maia Cardozo Reyes<\/p>\n\n\n\n<p>Conjunto malambo: Kutral Malambo<\/p>\n\n\n\n<p>Conjunto de baile folcl\u00f3rico: Criollos Ballet<\/p>\n\n\n\n<p><em>Subsecretar\u00eda de Prensa<\/em><\/p>\n\n\n\n<figure class=\"wp-block-image size-large\"><img loading=\"lazy\" decoding=\"async\" width=\"1024\" height=\"640\" src=\"https:\/\/zapala8340.com.ar\/wp-content\/uploads\/2025\/09\/image-182-1024x640.png\" alt=\"\" class=\"wp-image-42287\" srcset=\"https:\/\/zapala8340.com.ar\/wp-content\/uploads\/2025\/09\/image-182-1024x640.png 1024w, https:\/\/zapala8340.com.ar\/wp-content\/uploads\/2025\/09\/image-182-300x188.png 300w, https:\/\/zapala8340.com.ar\/wp-content\/uploads\/2025\/09\/image-182-768x480.png 768w, https:\/\/zapala8340.com.ar\/wp-content\/uploads\/2025\/09\/image-182.png 1536w, https:\/\/zapala8340.com.ar\/wp-content\/uploads\/2025\/09\/image-182-800x500.png 800w, https:\/\/zapala8340.com.ar\/wp-content\/uploads\/2025\/09\/image-182-400x250.png 400w\" sizes=\"(max-width: 1024px) 100vw, 1024px\" \/><\/figure>\n","protected":false},"excerpt":{"rendered":"<p>Una vez m\u00e1s, Zapala fue escenario de una verdadera fiesta cultural albergando una nueva edici\u00f3n&#8230;<\/p>\n","protected":false},"author":1,"featured_media":42287,"comment_status":"open","ping_status":"open","sticky":false,"template":"","format":"standard","meta":{"footnotes":""},"categories":[8],"tags":[],"class_list":["post-42286","post","type-post","status-publish","format-standard","has-post-thumbnail","hentry","category-zapala"],"_links":{"self":[{"href":"https:\/\/zapala8340.com.ar\/index.php?rest_route=\/wp\/v2\/posts\/42286"}],"collection":[{"href":"https:\/\/zapala8340.com.ar\/index.php?rest_route=\/wp\/v2\/posts"}],"about":[{"href":"https:\/\/zapala8340.com.ar\/index.php?rest_route=\/wp\/v2\/types\/post"}],"author":[{"embeddable":true,"href":"https:\/\/zapala8340.com.ar\/index.php?rest_route=\/wp\/v2\/users\/1"}],"replies":[{"embeddable":true,"href":"https:\/\/zapala8340.com.ar\/index.php?rest_route=%2Fwp%2Fv2%2Fcomments&post=42286"}],"version-history":[{"count":1,"href":"https:\/\/zapala8340.com.ar\/index.php?rest_route=\/wp\/v2\/posts\/42286\/revisions"}],"predecessor-version":[{"id":42288,"href":"https:\/\/zapala8340.com.ar\/index.php?rest_route=\/wp\/v2\/posts\/42286\/revisions\/42288"}],"wp:featuredmedia":[{"embeddable":true,"href":"https:\/\/zapala8340.com.ar\/index.php?rest_route=\/wp\/v2\/media\/42287"}],"wp:attachment":[{"href":"https:\/\/zapala8340.com.ar\/index.php?rest_route=%2Fwp%2Fv2%2Fmedia&parent=42286"}],"wp:term":[{"taxonomy":"category","embeddable":true,"href":"https:\/\/zapala8340.com.ar\/index.php?rest_route=%2Fwp%2Fv2%2Fcategories&post=42286"},{"taxonomy":"post_tag","embeddable":true,"href":"https:\/\/zapala8340.com.ar\/index.php?rest_route=%2Fwp%2Fv2%2Ftags&post=42286"}],"curies":[{"name":"wp","href":"https:\/\/api.w.org\/{rel}","templated":true}]}}