{"id":42289,"date":"2025-09-30T10:16:22","date_gmt":"2025-09-30T13:16:22","guid":{"rendered":"https:\/\/zapala8340.com.ar\/?p=42289"},"modified":"2025-09-30T10:16:23","modified_gmt":"2025-09-30T13:16:23","slug":"zapala-fue-sede-de-la-36-asamblea-del-coprodis","status":"publish","type":"post","link":"https:\/\/zapala8340.com.ar\/?p=42289","title":{"rendered":"Zapala fue sede de la 36\u00b0 Asamblea del COPRODIS"},"content":{"rendered":"\n<h2 class=\"wp-block-heading\">La semana pasada, el Consejo Provincial de Discapacidad sesion\u00f3 en nuestra localidad, donde dijeron presentes 26 localidades neuquinas.<\/h2>\n\n\n\n<p>La actividad que tuvo lugar durante dos jornadas en el galp\u00f3n negro del Paseo La Estaci\u00f3n, cont\u00f3 con la participaci\u00f3n de representantes de las localiades neuquinas, referentes de gobiernos locales, organizaciones de la sociedad civil y consejeros gubernamentales y comunitarios, entre otros.<\/p>\n\n\n\n<figure class=\"wp-block-image size-full\"><img loading=\"lazy\" decoding=\"async\" width=\"1024\" height=\"640\" src=\"https:\/\/zapala8340.com.ar\/wp-content\/uploads\/2025\/09\/image-184.png\" alt=\"\" class=\"wp-image-42291\" srcset=\"https:\/\/zapala8340.com.ar\/wp-content\/uploads\/2025\/09\/image-184.png 1024w, https:\/\/zapala8340.com.ar\/wp-content\/uploads\/2025\/09\/image-184-300x188.png 300w, https:\/\/zapala8340.com.ar\/wp-content\/uploads\/2025\/09\/image-184-768x480.png 768w, https:\/\/zapala8340.com.ar\/wp-content\/uploads\/2025\/09\/image-184-800x500.png 800w, https:\/\/zapala8340.com.ar\/wp-content\/uploads\/2025\/09\/image-184-400x250.png 400w\" sizes=\"(max-width: 1024px) 100vw, 1024px\" \/><\/figure>\n\n\n\n<p>All\u00ed, destacaron el trabajo en red entre la provincia y los municipios para acompa\u00f1ar a las personas con discapacidad, especialmente en casos de suspensi\u00f3n de pensiones nacionales no contributivas por invalidez y en gestiones de tr\u00e1mites vinculados a la defensa de sus derechos. En ese sentido, se propuso invitar a representantes del Ministerio P\u00fablico de la Defensa para abordar la judicializaci\u00f3n en materia de discapacidad, iniciativa que fue aprobada por mayor\u00eda y ser\u00e1 tratada en la pr\u00f3xima asamblea que se realizar\u00e1 en Andacollo.<\/p>\n\n\n\n<p>Otro punto a destacar fue la charla sobre Voto Accesible a cargo de Natalia Rivarola, directora general de Discapacidad y Convivencia y el espacio \u201cTiene la Palabra\u201d, donde Mainqu\u00e9 Navarro, trabajador de la Cooperativa de Energ\u00eda El\u00e9ctrica de Zapala, comparti\u00f3 su experiencia de inclusi\u00f3n laboral en la Municipalidad.<\/p>\n\n\n\n<p>Como suele ocurrir, las propuestas de temas por zonas fueron debatidas y votadas, consolidando una din\u00e1mica participativa y plural.<\/p>\n\n\n\n<p>Los d\u00edas martes 18 y mi\u00e9rcoles 19 de noviembre, Andacollo recibir\u00e1 a todos los referentes de la provincia, entre ellos Zapala.<\/p>\n\n\n\n<p><em>Subsecretar\u00eda de Prensa<\/em><\/p>\n\n\n\n<figure class=\"wp-block-image size-large\"><img loading=\"lazy\" decoding=\"async\" width=\"1024\" height=\"640\" src=\"https:\/\/zapala8340.com.ar\/wp-content\/uploads\/2025\/09\/image-183-1024x640.png\" alt=\"\" class=\"wp-image-42290\" srcset=\"https:\/\/zapala8340.com.ar\/wp-content\/uploads\/2025\/09\/image-183-1024x640.png 1024w, https:\/\/zapala8340.com.ar\/wp-content\/uploads\/2025\/09\/image-183-300x188.png 300w, https:\/\/zapala8340.com.ar\/wp-content\/uploads\/2025\/09\/image-183-768x480.png 768w, https:\/\/zapala8340.com.ar\/wp-content\/uploads\/2025\/09\/image-183.png 1536w, https:\/\/zapala8340.com.ar\/wp-content\/uploads\/2025\/09\/image-183-800x500.png 800w, https:\/\/zapala8340.com.ar\/wp-content\/uploads\/2025\/09\/image-183-400x250.png 400w\" sizes=\"(max-width: 1024px) 100vw, 1024px\" \/><\/figure>\n","protected":false},"excerpt":{"rendered":"<p>La semana pasada, el Consejo Provincial de Discapacidad sesion\u00f3 en nuestra localidad, donde dijeron presentes&#8230;<\/p>\n","protected":false},"author":1,"featured_media":42291,"comment_status":"open","ping_status":"open","sticky":false,"template":"","format":"standard","meta":{"footnotes":""},"categories":[8],"tags":[],"class_list":["post-42289","post","type-post","status-publish","format-standard","has-post-thumbnail","hentry","category-zapala"],"_links":{"self":[{"href":"https:\/\/zapala8340.com.ar\/index.php?rest_route=\/wp\/v2\/posts\/42289"}],"collection":[{"href":"https:\/\/zapala8340.com.ar\/index.php?rest_route=\/wp\/v2\/posts"}],"about":[{"href":"https:\/\/zapala8340.com.ar\/index.php?rest_route=\/wp\/v2\/types\/post"}],"author":[{"embeddable":true,"href":"https:\/\/zapala8340.com.ar\/index.php?rest_route=\/wp\/v2\/users\/1"}],"replies":[{"embeddable":true,"href":"https:\/\/zapala8340.com.ar\/index.php?rest_route=%2Fwp%2Fv2%2Fcomments&post=42289"}],"version-history":[{"count":1,"href":"https:\/\/zapala8340.com.ar\/index.php?rest_route=\/wp\/v2\/posts\/42289\/revisions"}],"predecessor-version":[{"id":42292,"href":"https:\/\/zapala8340.com.ar\/index.php?rest_route=\/wp\/v2\/posts\/42289\/revisions\/42292"}],"wp:featuredmedia":[{"embeddable":true,"href":"https:\/\/zapala8340.com.ar\/index.php?rest_route=\/wp\/v2\/media\/42291"}],"wp:attachment":[{"href":"https:\/\/zapala8340.com.ar\/index.php?rest_route=%2Fwp%2Fv2%2Fmedia&parent=42289"}],"wp:term":[{"taxonomy":"category","embeddable":true,"href":"https:\/\/zapala8340.com.ar\/index.php?rest_route=%2Fwp%2Fv2%2Fcategories&post=42289"},{"taxonomy":"post_tag","embeddable":true,"href":"https:\/\/zapala8340.com.ar\/index.php?rest_route=%2Fwp%2Fv2%2Ftags&post=42289"}],"curies":[{"name":"wp","href":"https:\/\/api.w.org\/{rel}","templated":true}]}}