{"id":42296,"date":"2025-09-30T10:28:25","date_gmt":"2025-09-30T13:28:25","guid":{"rendered":"https:\/\/zapala8340.com.ar\/?p=42296"},"modified":"2025-09-30T10:28:32","modified_gmt":"2025-09-30T13:28:32","slug":"dos-escuelas-zapalinas-tendran-su-propio-salon-de-usos-multiples","status":"publish","type":"post","link":"https:\/\/zapala8340.com.ar\/?p=42296","title":{"rendered":"Dos escuelas zapalinas tendr\u00e1n su propio Sal\u00f3n de Usos M\u00faltiples"},"content":{"rendered":"\n<p>Se trata de las escuelas 114 y 326, que gracias a un convenio firmado entre el Municipio y Provincia, ver\u00e1n convertido en realidad un anhelo que lleva a\u00f1os.<\/p>\n\n\n\n<p>Este anuncio es posible gracias al programa de abordaje de la obra p\u00fablica que precisaba la localidad, y que forma parte de los Pactos de Gobernanza, dijo el mandatario provincial, Rolando Figueroa, quien agreg\u00f3 que \u201cCarlos (Koopmann) asumi\u00f3 muy bien las responsabilidades como municipio, vemos mucho progreso en Zapala como el pavimento, obras importantes para dotar de servicios b\u00e1sicos a varios sectores de la sociedad\u201d.<\/p>\n\n\n\n<p>En ese sentido, y haciendo referencia a las escuelas en cuesti\u00f3n, el jefe comunal zapalino, dijo que \u201cson obras anheladas hist\u00f3ricamente. Lo bueno es que ambas escuelas tienen terreno en condiciones, todos los servicios pasan cerca para que se puedan hacer las obras r\u00e1pido. As\u00ed que celebramos que se firme este convenio para poder, por obra delegada llamar a licitaci\u00f3n\u201d.<\/p>\n\n\n\n<p>\u201cEstamos haciendo obras hist\u00f3ricas en Zapala de forma coordinada. Tener la posibilidad de realizar la inversi\u00f3n m\u00e1s importante que se ha hecho en la historia de la ciudad, como es la culminaci\u00f3n de la planta de tratamiento de l\u00edquidos cloacales. Ahora ya estamos trabajando en la programaci\u00f3n para que con esa agua tratada se puedan poner superficies bajo riego\u201d, cerr\u00f3 Figueroa.<\/p>\n\n\n\n<figure class=\"wp-block-image\"><img decoding=\"async\" src=\"https:\/\/www.zapala.gob.ar\/wp-content\/uploads\/2025\/09\/Escuelas-zapalinas-tendran-su-propio-Salon-de-Usos-Multiples-2-1024x640.jpg\" alt=\"\" class=\"wp-image-32737\"\/><\/figure>\n\n\n\n<p>En la Escuela Primaria N\u00ba 114 se realizar\u00e1 la construcci\u00f3n de un SUM con equipamiento deportivo y refacciones en el patio exterior, con una inversi\u00f3n de 2.188.029.061 pesos a valores de julio y un plazo de obra de 300 d\u00edas corridos. En la Escuela Primaria N\u00ba 326 el SUM cuenta con una inversi\u00f3n de 1.975.171.052 pesos a valores de julio y un plazo de obra de 270 d\u00edas corridos.<\/p>\n\n\n\n<p>Cabe recordar que la EPET N\u00b0 15 se siguen llevando adelante los trabajos de ampliaci\u00f3n de aulas y talleres con una superficie total de 596 metros cuadrados cubiertos, 193 metros cuadrados para las aulas y 402 metros cuadrados para el sector de Talleres; 2 aulas en el sector Te\u00f3rico y 4 Talleres, 2 ba\u00f1os, 2 salas de m\u00e1quinas, 1 dep\u00f3sito, 2 preceptor\u00edas y una salida pensada como posible conector. Con una inversi\u00f3n de 1.785.000.000,00 pesos y un plazo de ejecuci\u00f3n 210 d\u00edas corridos.<\/p>\n\n\n\n<p><em>Subsecretar\u00eda de Prensa<\/em><\/p>\n\n\n\n<h2 class=\"wp-block-heading\"><\/h2>\n\n\n\n<figure class=\"wp-block-image size-large\"><img loading=\"lazy\" decoding=\"async\" width=\"1024\" height=\"640\" src=\"https:\/\/zapala8340.com.ar\/wp-content\/uploads\/2025\/09\/image-186-1024x640.png\" alt=\"\" class=\"wp-image-42297\" srcset=\"https:\/\/zapala8340.com.ar\/wp-content\/uploads\/2025\/09\/image-186-1024x640.png 1024w, https:\/\/zapala8340.com.ar\/wp-content\/uploads\/2025\/09\/image-186-300x188.png 300w, https:\/\/zapala8340.com.ar\/wp-content\/uploads\/2025\/09\/image-186-768x480.png 768w, https:\/\/zapala8340.com.ar\/wp-content\/uploads\/2025\/09\/image-186.png 1536w, https:\/\/zapala8340.com.ar\/wp-content\/uploads\/2025\/09\/image-186-800x500.png 800w, https:\/\/zapala8340.com.ar\/wp-content\/uploads\/2025\/09\/image-186-400x250.png 400w\" sizes=\"(max-width: 1024px) 100vw, 1024px\" \/><\/figure>\n","protected":false},"excerpt":{"rendered":"<p>Se trata de las escuelas 114 y 326, que gracias a un convenio firmado entre&#8230;<\/p>\n","protected":false},"author":1,"featured_media":42297,"comment_status":"open","ping_status":"open","sticky":false,"template":"","format":"standard","meta":{"footnotes":""},"categories":[8],"tags":[],"class_list":["post-42296","post","type-post","status-publish","format-standard","has-post-thumbnail","hentry","category-zapala"],"_links":{"self":[{"href":"https:\/\/zapala8340.com.ar\/index.php?rest_route=\/wp\/v2\/posts\/42296"}],"collection":[{"href":"https:\/\/zapala8340.com.ar\/index.php?rest_route=\/wp\/v2\/posts"}],"about":[{"href":"https:\/\/zapala8340.com.ar\/index.php?rest_route=\/wp\/v2\/types\/post"}],"author":[{"embeddable":true,"href":"https:\/\/zapala8340.com.ar\/index.php?rest_route=\/wp\/v2\/users\/1"}],"replies":[{"embeddable":true,"href":"https:\/\/zapala8340.com.ar\/index.php?rest_route=%2Fwp%2Fv2%2Fcomments&post=42296"}],"version-history":[{"count":2,"href":"https:\/\/zapala8340.com.ar\/index.php?rest_route=\/wp\/v2\/posts\/42296\/revisions"}],"predecessor-version":[{"id":42299,"href":"https:\/\/zapala8340.com.ar\/index.php?rest_route=\/wp\/v2\/posts\/42296\/revisions\/42299"}],"wp:featuredmedia":[{"embeddable":true,"href":"https:\/\/zapala8340.com.ar\/index.php?rest_route=\/wp\/v2\/media\/42297"}],"wp:attachment":[{"href":"https:\/\/zapala8340.com.ar\/index.php?rest_route=%2Fwp%2Fv2%2Fmedia&parent=42296"}],"wp:term":[{"taxonomy":"category","embeddable":true,"href":"https:\/\/zapala8340.com.ar\/index.php?rest_route=%2Fwp%2Fv2%2Fcategories&post=42296"},{"taxonomy":"post_tag","embeddable":true,"href":"https:\/\/zapala8340.com.ar\/index.php?rest_route=%2Fwp%2Fv2%2Ftags&post=42296"}],"curies":[{"name":"wp","href":"https:\/\/api.w.org\/{rel}","templated":true}]}}