{"id":42303,"date":"2025-09-30T10:55:07","date_gmt":"2025-09-30T13:55:07","guid":{"rendered":"https:\/\/zapala8340.com.ar\/?p=42303"},"modified":"2025-09-30T10:55:07","modified_gmt":"2025-09-30T13:55:07","slug":"milei-defendio-a-su-hermana-karina-y-a-espert-ante-las-denuncias-por-presunta-corrupcion-buscan-ensuciarnos","status":"publish","type":"post","link":"https:\/\/zapala8340.com.ar\/?p=42303","title":{"rendered":"Milei defendi\u00f3 a su hermana Karina y a Espert ante las denuncias por presunta corrupci\u00f3n: \u201cBuscan ensuciarnos\u201d"},"content":{"rendered":"\n<p>El Presidente dijo que conf\u00eda \u201cabsolutamente\u201d en la secretaria general de la Presidencia. Adem\u00e1s, dijo que los presuntos v\u00ednculos entre el diputado libertario y el narcotraficante Fred Machado son \u201cchimentos de peluquer\u00eda\u201d.<br><\/p>\n\n\n\n<p>El presidente\u00a0<strong>Javier Milei<\/strong>\u00a0defendi\u00f3 a su hermana, la secretaria general de la Presidencia,\u00a0<strong>Karina Milei,<\/strong>\u00a0y al diputado nacional de La Libertad Avanza y candidato,\u00a0<strong>Jos\u00e9 Luis Espert,<\/strong>\u00a0ante las denuncias por presunta corrupci\u00f3n:\u00a0<strong>\u201cBuscan ensuciarnos\u201d.<\/strong><\/p>\n\n\n\n<p>El Presidente dijo que conf\u00eda&nbsp;<strong>\u201cabsolutamente\u201d<\/strong>&nbsp;en la secretaria general de la Presidencia, antes las acusaciones de presuntas coimas en la Agencia Nacional de Discapacidad (ANDIS), seg\u00fan los audios del extitular del \u00e1rea,&nbsp;<strong>Diego Spagnuolo.<\/strong><\/p>\n\n\n\n<p><\/p>\n\n\n\n<p>El mandatario adem\u00e1s habl\u00f3 de&nbsp;<strong>\u201cchimentos de peluquer\u00eda\u201d&nbsp;<\/strong>sobre los presuntos v\u00ednculos del diputado oficialista con&nbsp;<strong>Federico \u201cFred\u201d Machado,<\/strong>&nbsp;argentino investigado por&nbsp;<strong>narcotr\u00e1fico&nbsp;<\/strong>en Estados Unidos.<\/p>\n\n\n\n<h2 class=\"wp-block-heading\">Fuerte defensa de Javier Milei a Karina Milei y a Jos\u00e9 Luis Espert por las acusaciones de presunta corrupci\u00f3n<\/h2>\n\n\n\n<p>Milei plante\u00f3 en declaraciones a&nbsp;<em>A24,<\/em>&nbsp;ante las acusaciones en los audios: \u201cSi te pod\u00e9s quedar con el 100% para qu\u00e9 te vas a quedar con el 3%&#8230;&nbsp;<strong>es rid\u00edculo\u201d.<\/strong>&nbsp;Spagnuolo hab\u00eda dicho en uno de los audios, al hablar de presunta corrupci\u00f3n en la ANDIS: \u201cEl tema seguramente es que a Karina le debe llegar el tres o el cuatro. Yo calculo que<strong>&nbsp;le debe llegar el 3% a Karina&#8221;.<\/strong><\/p>\n\n\n\n<p>El Presidente explic\u00f3 que cuando asumi\u00f3 como Presidente la ANDIS estaba bajo la \u00f3rbita de la secretar\u00eda general de la Presidencia y que su hermana se<strong>&nbsp;\u201csac\u00f3 de encima\u201d<\/strong>&nbsp;el organismo. El mandatario explic\u00f3 que su hermana lo pas\u00f3 a Capital Humano, pero que la ministra del \u00e1rea,&nbsp;<strong>Sandra Pettovello,<\/strong>&nbsp;\u201cdijo que no lo quer\u00eda\u201d, que se deriv\u00f3 inicialmente a la jefatura de Gabinete, y que finalmente qued\u00f3 a cargo de Salud.<\/p>\n\n\n\n<p>Milei adem\u00e1s respald\u00f3 a Espert, cabeza de lista de diputados nacionales de LLA en Provincia: \u201cEs otra operaci\u00f3n, la misma que le hicieron en 2019, es recurrente. Son chimentos de peluquer\u00eda, operaciones para ensuciar. Justo aparece ahora, son cosas raras, meten ruido en el per\u00edodo electoral\u201d.<\/p>\n\n\n\n<h2 class=\"wp-block-heading\"><\/h2>\n\n\n\n<p>FUENTE TN<\/p>\n\n\n\n<p><\/p>\n\n\n\n<figure class=\"wp-block-image size-large\"><img loading=\"lazy\" decoding=\"async\" width=\"1024\" height=\"576\" src=\"https:\/\/zapala8340.com.ar\/wp-content\/uploads\/2025\/09\/image-188-1024x576.png\" alt=\"\" class=\"wp-image-42304\" srcset=\"https:\/\/zapala8340.com.ar\/wp-content\/uploads\/2025\/09\/image-188-1024x576.png 1024w, https:\/\/zapala8340.com.ar\/wp-content\/uploads\/2025\/09\/image-188-300x169.png 300w, https:\/\/zapala8340.com.ar\/wp-content\/uploads\/2025\/09\/image-188-768x432.png 768w, https:\/\/zapala8340.com.ar\/wp-content\/uploads\/2025\/09\/image-188.png 1440w\" sizes=\"(max-width: 1024px) 100vw, 1024px\" \/><\/figure>\n","protected":false},"excerpt":{"rendered":"<p>El Presidente dijo que conf\u00eda \u201cabsolutamente\u201d en la secretaria general de la Presidencia. Adem\u00e1s, dijo&#8230;<\/p>\n","protected":false},"author":1,"featured_media":42304,"comment_status":"open","ping_status":"open","sticky":false,"template":"","format":"standard","meta":{"footnotes":""},"categories":[16],"tags":[],"class_list":["post-42303","post","type-post","status-publish","format-standard","has-post-thumbnail","hentry","category-politica"],"_links":{"self":[{"href":"https:\/\/zapala8340.com.ar\/index.php?rest_route=\/wp\/v2\/posts\/42303"}],"collection":[{"href":"https:\/\/zapala8340.com.ar\/index.php?rest_route=\/wp\/v2\/posts"}],"about":[{"href":"https:\/\/zapala8340.com.ar\/index.php?rest_route=\/wp\/v2\/types\/post"}],"author":[{"embeddable":true,"href":"https:\/\/zapala8340.com.ar\/index.php?rest_route=\/wp\/v2\/users\/1"}],"replies":[{"embeddable":true,"href":"https:\/\/zapala8340.com.ar\/index.php?rest_route=%2Fwp%2Fv2%2Fcomments&post=42303"}],"version-history":[{"count":1,"href":"https:\/\/zapala8340.com.ar\/index.php?rest_route=\/wp\/v2\/posts\/42303\/revisions"}],"predecessor-version":[{"id":42306,"href":"https:\/\/zapala8340.com.ar\/index.php?rest_route=\/wp\/v2\/posts\/42303\/revisions\/42306"}],"wp:featuredmedia":[{"embeddable":true,"href":"https:\/\/zapala8340.com.ar\/index.php?rest_route=\/wp\/v2\/media\/42304"}],"wp:attachment":[{"href":"https:\/\/zapala8340.com.ar\/index.php?rest_route=%2Fwp%2Fv2%2Fmedia&parent=42303"}],"wp:term":[{"taxonomy":"category","embeddable":true,"href":"https:\/\/zapala8340.com.ar\/index.php?rest_route=%2Fwp%2Fv2%2Fcategories&post=42303"},{"taxonomy":"post_tag","embeddable":true,"href":"https:\/\/zapala8340.com.ar\/index.php?rest_route=%2Fwp%2Fv2%2Ftags&post=42303"}],"curies":[{"name":"wp","href":"https:\/\/api.w.org\/{rel}","templated":true}]}}