{"id":42606,"date":"2025-10-29T11:35:35","date_gmt":"2025-10-29T14:35:35","guid":{"rendered":"https:\/\/zapala8340.com.ar\/?p=42606"},"modified":"2025-10-29T11:35:36","modified_gmt":"2025-10-29T14:35:36","slug":"el-intendente-recorrio-el-embellecimiento-en-el-exterior-del-cementerio","status":"publish","type":"post","link":"https:\/\/zapala8340.com.ar\/?p=42606","title":{"rendered":"El intendente recorri\u00f3 el embellecimiento en el exterior del Cementerio"},"content":{"rendered":"\n<p>La semana pasada el jefe comunal visit\u00f3 los avances del nuevo \u201cPaseo de la Paz\u201d, ubicado sobre calle Avellaneda. Adem\u00e1s, observaron los frutos del parquizado sobre cale Gobernador Asmar.<\/p>\n\n\n\n<p>El Municipio sigue trabajando en el embellecimiento de diferentes sectores de la ciudad. Desde hace algunos meses, que el Cementerio local es foco de \u00e9stas tareas, tanto en el interior como en el exterior. En este sentido, a mitad de a\u00f1o iniciaron los trabajos para el aprovechamiento del sector de calle Avellaneda, entre Asmar y Malvinas Argentinas.<\/p>\n\n\n\n<figure class=\"wp-block-image size-large\"><img loading=\"lazy\" decoding=\"async\" width=\"1024\" height=\"640\" src=\"https:\/\/zapala8340.com.ar\/wp-content\/uploads\/2025\/10\/image-109-1024x640.png\" alt=\"\" class=\"wp-image-42608\" srcset=\"https:\/\/zapala8340.com.ar\/wp-content\/uploads\/2025\/10\/image-109-1024x640.png 1024w, https:\/\/zapala8340.com.ar\/wp-content\/uploads\/2025\/10\/image-109-300x188.png 300w, https:\/\/zapala8340.com.ar\/wp-content\/uploads\/2025\/10\/image-109-768x480.png 768w, https:\/\/zapala8340.com.ar\/wp-content\/uploads\/2025\/10\/image-109-800x500.png 800w, https:\/\/zapala8340.com.ar\/wp-content\/uploads\/2025\/10\/image-109-400x250.png 400w, https:\/\/zapala8340.com.ar\/wp-content\/uploads\/2025\/10\/image-109.png 1536w\" sizes=\"(max-width: 1024px) 100vw, 1024px\" \/><\/figure>\n\n\n\n<p>All\u00ed se proyecto el \u201cPaseo de la Paz\u201d, que ser\u00e1 un espacio verde, con mobiliario urbano y su correspondiente iluminaci\u00f3n. Seg\u00fan datos oficiales, luego de la finalizaci\u00f3n del cableado subterr\u00e1neo, se instalaron 23 luminarias LED. Adem\u00e1s, luego de la construcci\u00f3n de las veredas ya se analiza el momento \u00f3ptimo del a\u00f1o para el parquizado.<\/p>\n\n\n\n<p>Por su parte, sobre calle Gobernador Asmar, en el mes de febrero inici\u00f3 la plantaci\u00f3n de 100 fresnos rojos. Estos ejemplares fueron obtenidos a trav\u00e9s de un concurso organizado por la Provincia, con apoyo de la Red de Innovaci\u00f3n Local (RIL), donde el proyecto de Bosque Urbano presentado por Zapala fue seleccionado como una iniciativa destacada a nivel regional.<\/p>\n\n\n\n<p>Las especies utilizadas en este plan fueron cuidadosamente seleccionadas y provienen de viveros cercanos: los cipreses y fresnos llegaron desde un vivero en Plottier, mientras que los pinos ponderosa fueron transportados desde Huinganco. Todos estos ejemplares fueron distribuidos en espacios verdes de la localidad.<\/p>\n\n\n\n<p><em>Subsecretar\u00eda de Prensa<\/em><\/p>\n\n\n\n<figure class=\"wp-block-image size-large\"><img loading=\"lazy\" decoding=\"async\" width=\"1024\" height=\"640\" src=\"https:\/\/zapala8340.com.ar\/wp-content\/uploads\/2025\/10\/image-108-1024x640.png\" alt=\"\" class=\"wp-image-42607\" srcset=\"https:\/\/zapala8340.com.ar\/wp-content\/uploads\/2025\/10\/image-108-1024x640.png 1024w, https:\/\/zapala8340.com.ar\/wp-content\/uploads\/2025\/10\/image-108-300x188.png 300w, https:\/\/zapala8340.com.ar\/wp-content\/uploads\/2025\/10\/image-108-768x480.png 768w, https:\/\/zapala8340.com.ar\/wp-content\/uploads\/2025\/10\/image-108.png 1536w, https:\/\/zapala8340.com.ar\/wp-content\/uploads\/2025\/10\/image-108-800x500.png 800w, https:\/\/zapala8340.com.ar\/wp-content\/uploads\/2025\/10\/image-108-400x250.png 400w\" sizes=\"(max-width: 1024px) 100vw, 1024px\" \/><\/figure>\n","protected":false},"excerpt":{"rendered":"<p>La semana pasada el jefe comunal visit\u00f3 los avances del nuevo \u201cPaseo de la Paz\u201d,&#8230;<\/p>\n","protected":false},"author":1,"featured_media":42607,"comment_status":"open","ping_status":"open","sticky":false,"template":"","format":"standard","meta":{"footnotes":""},"categories":[8],"tags":[],"class_list":["post-42606","post","type-post","status-publish","format-standard","has-post-thumbnail","hentry","category-zapala"],"_links":{"self":[{"href":"https:\/\/zapala8340.com.ar\/index.php?rest_route=\/wp\/v2\/posts\/42606"}],"collection":[{"href":"https:\/\/zapala8340.com.ar\/index.php?rest_route=\/wp\/v2\/posts"}],"about":[{"href":"https:\/\/zapala8340.com.ar\/index.php?rest_route=\/wp\/v2\/types\/post"}],"author":[{"embeddable":true,"href":"https:\/\/zapala8340.com.ar\/index.php?rest_route=\/wp\/v2\/users\/1"}],"replies":[{"embeddable":true,"href":"https:\/\/zapala8340.com.ar\/index.php?rest_route=%2Fwp%2Fv2%2Fcomments&post=42606"}],"version-history":[{"count":1,"href":"https:\/\/zapala8340.com.ar\/index.php?rest_route=\/wp\/v2\/posts\/42606\/revisions"}],"predecessor-version":[{"id":42609,"href":"https:\/\/zapala8340.com.ar\/index.php?rest_route=\/wp\/v2\/posts\/42606\/revisions\/42609"}],"wp:featuredmedia":[{"embeddable":true,"href":"https:\/\/zapala8340.com.ar\/index.php?rest_route=\/wp\/v2\/media\/42607"}],"wp:attachment":[{"href":"https:\/\/zapala8340.com.ar\/index.php?rest_route=%2Fwp%2Fv2%2Fmedia&parent=42606"}],"wp:term":[{"taxonomy":"category","embeddable":true,"href":"https:\/\/zapala8340.com.ar\/index.php?rest_route=%2Fwp%2Fv2%2Fcategories&post=42606"},{"taxonomy":"post_tag","embeddable":true,"href":"https:\/\/zapala8340.com.ar\/index.php?rest_route=%2Fwp%2Fv2%2Ftags&post=42606"}],"curies":[{"name":"wp","href":"https:\/\/api.w.org\/{rel}","templated":true}]}}