{"id":42610,"date":"2025-10-29T11:42:04","date_gmt":"2025-10-29T14:42:04","guid":{"rendered":"https:\/\/zapala8340.com.ar\/?p=42610"},"modified":"2025-10-29T11:42:05","modified_gmt":"2025-10-29T14:42:05","slug":"el-festival-saludable-confirmo-su-fecha-en-noviembre","status":"publish","type":"post","link":"https:\/\/zapala8340.com.ar\/?p=42610","title":{"rendered":"El Festival Saludable confirm\u00f3 su fecha en noviembre"},"content":{"rendered":"\n<p>Durante la primera semana de noviembre, Zapala volver\u00e1 a contar con una nueva edici\u00f3n del Festival Saludable, que en esta edici\u00f3n se desarrollar\u00e1 el jueves 6 de noviembre, de 10 a 18 hs, en el Galp\u00f3n Negro del Paseo La Estaci\u00f3n.<\/p>\n\n\n\n<p>La iniciativa, organizada por el Municipio junto a diversas instituciones sanitarias y educativas, tiene como objetivo promover h\u00e1bitos de vida saludables, el bienestar integral y la prevenci\u00f3n de enfermedades a trav\u00e9s de espacios participativos y actividades abiertas a toda la comunidad.<\/p>\n\n\n\n<p>A lo largo de la jornada, los asistentes podr\u00e1n disfrutar de clases de cocina saludable, talleres de m\u00fasica y movimiento, y actividades recreativas pensadas para todas las edades. Adem\u00e1s, se desarrollar\u00e1 un eco canje de medicamentos y pilas, una acci\u00f3n que busca fomentar el cuidado del ambiente y la correcta disposici\u00f3n de los residuos especiales.<\/p>\n\n\n\n<p>Entre las propuestas m\u00e1s esperadas, tambi\u00e9n se instalar\u00e1 un consultorio express y un vacunatorio, donde los equipos de salud brindar\u00e1n controles b\u00e1sicos y la posibilidad de completar esquemas de vacunaci\u00f3n.<\/p>\n\n\n\n<p>El evento tambi\u00e9n tendr\u00e1 un costado solidario: quienes lo deseen podr\u00e1n donar marcos de lentes en buen estado, que luego ser\u00e1n reacondicionados y entregados a quienes m\u00e1s los necesiten. A lo largo del d\u00eda, el p\u00fablico podr\u00e1 recorrer los stands del Hospital Zapala, los centros de salud locales y distintas asociaciones civiles, que ofrecer\u00e1n informaci\u00f3n, controles, asesoramiento y actividades. La propuesta apunta a que cada visitante pueda llevarse herramientas concretas para mejorar su calidad de vida, cuidando tanto la salud f\u00edsica como la emocional.<\/p>\n\n\n\n<p><em>Subsecretar\u00eda de Prensa<\/em><\/p>\n\n\n\n<figure class=\"wp-block-image size-large\"><img loading=\"lazy\" decoding=\"async\" width=\"1024\" height=\"640\" src=\"https:\/\/zapala8340.com.ar\/wp-content\/uploads\/2025\/10\/image-110-1024x640.png\" alt=\"\" class=\"wp-image-42611\" srcset=\"https:\/\/zapala8340.com.ar\/wp-content\/uploads\/2025\/10\/image-110-1024x640.png 1024w, https:\/\/zapala8340.com.ar\/wp-content\/uploads\/2025\/10\/image-110-300x188.png 300w, https:\/\/zapala8340.com.ar\/wp-content\/uploads\/2025\/10\/image-110-768x480.png 768w, https:\/\/zapala8340.com.ar\/wp-content\/uploads\/2025\/10\/image-110.png 1536w, https:\/\/zapala8340.com.ar\/wp-content\/uploads\/2025\/10\/image-110-800x500.png 800w, https:\/\/zapala8340.com.ar\/wp-content\/uploads\/2025\/10\/image-110-400x250.png 400w\" sizes=\"(max-width: 1024px) 100vw, 1024px\" \/><\/figure>\n\n\n\n<figure class=\"wp-block-image size-large\"><img loading=\"lazy\" decoding=\"async\" width=\"1024\" height=\"640\" src=\"https:\/\/zapala8340.com.ar\/wp-content\/uploads\/2025\/10\/image-111-1024x640.png\" alt=\"\" class=\"wp-image-42612\" srcset=\"https:\/\/zapala8340.com.ar\/wp-content\/uploads\/2025\/10\/image-111-1024x640.png 1024w, https:\/\/zapala8340.com.ar\/wp-content\/uploads\/2025\/10\/image-111-300x188.png 300w, https:\/\/zapala8340.com.ar\/wp-content\/uploads\/2025\/10\/image-111-768x480.png 768w, https:\/\/zapala8340.com.ar\/wp-content\/uploads\/2025\/10\/image-111-800x500.png 800w, https:\/\/zapala8340.com.ar\/wp-content\/uploads\/2025\/10\/image-111-400x250.png 400w, https:\/\/zapala8340.com.ar\/wp-content\/uploads\/2025\/10\/image-111.png 1536w\" sizes=\"(max-width: 1024px) 100vw, 1024px\" \/><\/figure>\n","protected":false},"excerpt":{"rendered":"<p>Durante la primera semana de noviembre, Zapala volver\u00e1 a contar con una nueva edici\u00f3n del&#8230;<\/p>\n","protected":false},"author":1,"featured_media":42612,"comment_status":"open","ping_status":"open","sticky":false,"template":"","format":"standard","meta":{"footnotes":""},"categories":[8],"tags":[],"class_list":["post-42610","post","type-post","status-publish","format-standard","has-post-thumbnail","hentry","category-zapala"],"_links":{"self":[{"href":"https:\/\/zapala8340.com.ar\/index.php?rest_route=\/wp\/v2\/posts\/42610"}],"collection":[{"href":"https:\/\/zapala8340.com.ar\/index.php?rest_route=\/wp\/v2\/posts"}],"about":[{"href":"https:\/\/zapala8340.com.ar\/index.php?rest_route=\/wp\/v2\/types\/post"}],"author":[{"embeddable":true,"href":"https:\/\/zapala8340.com.ar\/index.php?rest_route=\/wp\/v2\/users\/1"}],"replies":[{"embeddable":true,"href":"https:\/\/zapala8340.com.ar\/index.php?rest_route=%2Fwp%2Fv2%2Fcomments&post=42610"}],"version-history":[{"count":1,"href":"https:\/\/zapala8340.com.ar\/index.php?rest_route=\/wp\/v2\/posts\/42610\/revisions"}],"predecessor-version":[{"id":42613,"href":"https:\/\/zapala8340.com.ar\/index.php?rest_route=\/wp\/v2\/posts\/42610\/revisions\/42613"}],"wp:featuredmedia":[{"embeddable":true,"href":"https:\/\/zapala8340.com.ar\/index.php?rest_route=\/wp\/v2\/media\/42612"}],"wp:attachment":[{"href":"https:\/\/zapala8340.com.ar\/index.php?rest_route=%2Fwp%2Fv2%2Fmedia&parent=42610"}],"wp:term":[{"taxonomy":"category","embeddable":true,"href":"https:\/\/zapala8340.com.ar\/index.php?rest_route=%2Fwp%2Fv2%2Fcategories&post=42610"},{"taxonomy":"post_tag","embeddable":true,"href":"https:\/\/zapala8340.com.ar\/index.php?rest_route=%2Fwp%2Fv2%2Ftags&post=42610"}],"curies":[{"name":"wp","href":"https:\/\/api.w.org\/{rel}","templated":true}]}}