{"id":42687,"date":"2025-10-30T09:42:00","date_gmt":"2025-10-30T12:42:00","guid":{"rendered":"https:\/\/zapala8340.com.ar\/?p=42687"},"modified":"2025-11-05T09:45:55","modified_gmt":"2025-11-05T12:45:55","slug":"el-festival-saludable-tendra-su-propio-eco-canje","status":"publish","type":"post","link":"https:\/\/zapala8340.com.ar\/?p=42687","title":{"rendered":"El Festival Saludable tendr\u00e1 su propio \u201cEco Canje\u201d"},"content":{"rendered":"\n<h2 class=\"wp-block-heading\">Este 6 de noviembre y en el galp\u00f3n negro del Paseo La Estaci\u00f3n, los zapalinos y zapalinas tendr\u00e1n otra oportunidad para colaborar con el ambiente.<\/h2>\n\n\n\n<p>El Municipio ya confirm\u00f3 el desarrollo del Festival Saludable en el ic\u00f3nico espacio c\u00e9ntrico de la localidad. Adem\u00e1s de clases de cocina, talleres y actividades recreativas, tambi\u00e9n se llevar\u00e1 a cabo un Eco Canje especialmente destinado a pilas y medicamentos vencidos.<\/p>\n\n\n\n<p>El horario del mismo ser\u00e1 de 10 a 12:30 horas y la colaboraci\u00f3n de la ciudadan\u00eda ser\u00e1 clave para seguir apostando por el cuidado del ambiente.<\/p>\n\n\n\n<p>La recolecci\u00f3n de pilas usadas y medicamentos vencidos es crucial para evitar la contaminaci\u00f3n del suelo, agua y aire por sustancias t\u00f3xicas y metales pesados como plomo, mercurio y cadmio. Tambi\u00e9n permite recuperar materiales valiosos y reduce los riesgos para la salud p\u00fablica, como la resistencia bacteriana a los antibi\u00f3ticos o la automedicaci\u00f3n accidental.<\/p>\n\n\n\n<p>Esta propuesta se suma a las que mensualmente impulsa el Municipio desde hace m\u00e1s de cinco a\u00f1os, y las cuales la comunidad ha adoptado r\u00e1pidamente.<\/p>\n\n\n\n<p><em>Subsecretar\u00eda de Prensa<\/em><\/p>\n\n\n\n<figure class=\"wp-block-image size-large\"><img loading=\"lazy\" decoding=\"async\" width=\"1024\" height=\"640\" src=\"https:\/\/zapala8340.com.ar\/wp-content\/uploads\/2025\/11\/image-14-1024x640.png\" alt=\"\" class=\"wp-image-42688\" srcset=\"https:\/\/zapala8340.com.ar\/wp-content\/uploads\/2025\/11\/image-14-1024x640.png 1024w, https:\/\/zapala8340.com.ar\/wp-content\/uploads\/2025\/11\/image-14-300x188.png 300w, https:\/\/zapala8340.com.ar\/wp-content\/uploads\/2025\/11\/image-14-768x480.png 768w, https:\/\/zapala8340.com.ar\/wp-content\/uploads\/2025\/11\/image-14.png 1536w, https:\/\/zapala8340.com.ar\/wp-content\/uploads\/2025\/11\/image-14-800x500.png 800w, https:\/\/zapala8340.com.ar\/wp-content\/uploads\/2025\/11\/image-14-400x250.png 400w\" sizes=\"(max-width: 1024px) 100vw, 1024px\" \/><\/figure>\n","protected":false},"excerpt":{"rendered":"<p>Este 6 de noviembre y en el galp\u00f3n negro del Paseo La Estaci\u00f3n, los zapalinos&#8230;<\/p>\n","protected":false},"author":1,"featured_media":42688,"comment_status":"open","ping_status":"open","sticky":false,"template":"","format":"standard","meta":{"footnotes":""},"categories":[8],"tags":[],"class_list":["post-42687","post","type-post","status-publish","format-standard","has-post-thumbnail","hentry","category-zapala"],"_links":{"self":[{"href":"https:\/\/zapala8340.com.ar\/index.php?rest_route=\/wp\/v2\/posts\/42687"}],"collection":[{"href":"https:\/\/zapala8340.com.ar\/index.php?rest_route=\/wp\/v2\/posts"}],"about":[{"href":"https:\/\/zapala8340.com.ar\/index.php?rest_route=\/wp\/v2\/types\/post"}],"author":[{"embeddable":true,"href":"https:\/\/zapala8340.com.ar\/index.php?rest_route=\/wp\/v2\/users\/1"}],"replies":[{"embeddable":true,"href":"https:\/\/zapala8340.com.ar\/index.php?rest_route=%2Fwp%2Fv2%2Fcomments&post=42687"}],"version-history":[{"count":2,"href":"https:\/\/zapala8340.com.ar\/index.php?rest_route=\/wp\/v2\/posts\/42687\/revisions"}],"predecessor-version":[{"id":42690,"href":"https:\/\/zapala8340.com.ar\/index.php?rest_route=\/wp\/v2\/posts\/42687\/revisions\/42690"}],"wp:featuredmedia":[{"embeddable":true,"href":"https:\/\/zapala8340.com.ar\/index.php?rest_route=\/wp\/v2\/media\/42688"}],"wp:attachment":[{"href":"https:\/\/zapala8340.com.ar\/index.php?rest_route=%2Fwp%2Fv2%2Fmedia&parent=42687"}],"wp:term":[{"taxonomy":"category","embeddable":true,"href":"https:\/\/zapala8340.com.ar\/index.php?rest_route=%2Fwp%2Fv2%2Fcategories&post=42687"},{"taxonomy":"post_tag","embeddable":true,"href":"https:\/\/zapala8340.com.ar\/index.php?rest_route=%2Fwp%2Fv2%2Ftags&post=42687"}],"curies":[{"name":"wp","href":"https:\/\/api.w.org\/{rel}","templated":true}]}}