{"id":43889,"date":"2026-03-04T21:28:20","date_gmt":"2026-03-05T00:28:20","guid":{"rendered":"https:\/\/zapala8340.com.ar\/?p=43889"},"modified":"2026-03-04T21:28:20","modified_gmt":"2026-03-05T00:28:20","slug":"zapala-emprende-tiene-todo-listo-para-desembarcar-en-el-campeonato-nacional-e-internacional-de-asadores","status":"publish","type":"post","link":"https:\/\/zapala8340.com.ar\/?p=43889","title":{"rendered":"\u201cZapala Emprende\u201d tiene todo listo para desembarcar en el Campeonato Nacional e Internacional de Asadores"},"content":{"rendered":"\n<figure class=\"wp-block-image size-full\"><img loading=\"lazy\" decoding=\"async\" width=\"1024\" height=\"640\" src=\"https:\/\/zapala8340.com.ar\/wp-content\/uploads\/2026\/03\/image-6.png\" alt=\"\" class=\"wp-image-43891\" srcset=\"https:\/\/zapala8340.com.ar\/wp-content\/uploads\/2026\/03\/image-6.png 1024w, https:\/\/zapala8340.com.ar\/wp-content\/uploads\/2026\/03\/image-6-300x188.png 300w, https:\/\/zapala8340.com.ar\/wp-content\/uploads\/2026\/03\/image-6-768x480.png 768w, https:\/\/zapala8340.com.ar\/wp-content\/uploads\/2026\/03\/image-6-800x500.png 800w, https:\/\/zapala8340.com.ar\/wp-content\/uploads\/2026\/03\/image-6-400x250.png 400w\" sizes=\"(max-width: 1024px) 100vw, 1024px\" \/><\/figure>\n\n\n\n<p>150 stands estar\u00e1n distribuidos en el Galp\u00f3n de eventos y la globa montada en el Paseo La Estaci\u00f3n. Este 6, 7 y 8 de marzo la localidad volver\u00e1 a recibir a emprendedores y productores de toda la regi\u00f3n.<\/p>\n\n\n\n<p>D\u00edas atr\u00e1s se desarroll\u00f3 la reuni\u00f3n organizativa con emprendedores y emprendedoras locales con la intenci\u00f3n de coordinar la nueva edici\u00f3n de \u201cZapala Emprende\u201d, enmarcada en la quinta entrega del Campeonato Nacional e Internacional de Asadores. Cada uno de las propuestas seleccionadas atraves\u00f3 un periodo de inscripci\u00f3n online donde informaron del rubro al cual se dedican, para luego recibir la confirmaci\u00f3n de los organizadores.<\/p>\n\n\n\n<p>Los zapalinos y visitantes podr\u00e1n elegir entre m\u00e1s de 150 stands que ofrecer\u00e1n artesan\u00edas de madera, talabarter\u00eda, fibras naturales, manualidades, confecci\u00f3n textil, dise\u00f1o e impresiones 3D, huerta y jard\u00edn, entre otros. Adem\u00e1s, los gastron\u00f3micos tendr\u00e1n su espacio, el cual ser\u00e1 ideal para compartir y degustar sus productos.<\/p>\n\n\n\n<p>Esta ser\u00e1 la Edici\u00f3n 64 de \u201cZapala Emprende\u201d, un espacio que naci\u00f3 en plena pandemia y que con el correr de los a\u00f1os sigue creciendo, fortaleciendo el trabajo local y generando oportunidades a trav\u00e9s de la intervenci\u00f3n del Municipio.<\/p>\n\n\n\n<p><em>Subsecretaar\u00eda de Prensa<\/em><\/p>\n\n\n\n<figure class=\"wp-block-image size-large\"><img loading=\"lazy\" decoding=\"async\" width=\"1024\" height=\"640\" src=\"https:\/\/zapala8340.com.ar\/wp-content\/uploads\/2026\/03\/image-5-1024x640.png\" alt=\"\" class=\"wp-image-43890\" srcset=\"https:\/\/zapala8340.com.ar\/wp-content\/uploads\/2026\/03\/image-5-1024x640.png 1024w, https:\/\/zapala8340.com.ar\/wp-content\/uploads\/2026\/03\/image-5-300x188.png 300w, https:\/\/zapala8340.com.ar\/wp-content\/uploads\/2026\/03\/image-5-768x480.png 768w, https:\/\/zapala8340.com.ar\/wp-content\/uploads\/2026\/03\/image-5.png 1536w, https:\/\/zapala8340.com.ar\/wp-content\/uploads\/2026\/03\/image-5-800x500.png 800w, https:\/\/zapala8340.com.ar\/wp-content\/uploads\/2026\/03\/image-5-400x250.png 400w\" sizes=\"(max-width: 1024px) 100vw, 1024px\" \/><\/figure>\n","protected":false},"excerpt":{"rendered":"<p>150 stands estar\u00e1n distribuidos en el Galp\u00f3n de eventos y la globa montada en el&#8230;<\/p>\n","protected":false},"author":1,"featured_media":43890,"comment_status":"open","ping_status":"open","sticky":false,"template":"","format":"standard","meta":{"footnotes":""},"categories":[8],"tags":[],"class_list":["post-43889","post","type-post","status-publish","format-standard","has-post-thumbnail","hentry","category-zapala"],"_links":{"self":[{"href":"https:\/\/zapala8340.com.ar\/index.php?rest_route=\/wp\/v2\/posts\/43889"}],"collection":[{"href":"https:\/\/zapala8340.com.ar\/index.php?rest_route=\/wp\/v2\/posts"}],"about":[{"href":"https:\/\/zapala8340.com.ar\/index.php?rest_route=\/wp\/v2\/types\/post"}],"author":[{"embeddable":true,"href":"https:\/\/zapala8340.com.ar\/index.php?rest_route=\/wp\/v2\/users\/1"}],"replies":[{"embeddable":true,"href":"https:\/\/zapala8340.com.ar\/index.php?rest_route=%2Fwp%2Fv2%2Fcomments&post=43889"}],"version-history":[{"count":1,"href":"https:\/\/zapala8340.com.ar\/index.php?rest_route=\/wp\/v2\/posts\/43889\/revisions"}],"predecessor-version":[{"id":43892,"href":"https:\/\/zapala8340.com.ar\/index.php?rest_route=\/wp\/v2\/posts\/43889\/revisions\/43892"}],"wp:featuredmedia":[{"embeddable":true,"href":"https:\/\/zapala8340.com.ar\/index.php?rest_route=\/wp\/v2\/media\/43890"}],"wp:attachment":[{"href":"https:\/\/zapala8340.com.ar\/index.php?rest_route=%2Fwp%2Fv2%2Fmedia&parent=43889"}],"wp:term":[{"taxonomy":"category","embeddable":true,"href":"https:\/\/zapala8340.com.ar\/index.php?rest_route=%2Fwp%2Fv2%2Fcategories&post=43889"},{"taxonomy":"post_tag","embeddable":true,"href":"https:\/\/zapala8340.com.ar\/index.php?rest_route=%2Fwp%2Fv2%2Ftags&post=43889"}],"curies":[{"name":"wp","href":"https:\/\/api.w.org\/{rel}","templated":true}]}}