{"id":43902,"date":"2026-03-06T00:58:47","date_gmt":"2026-03-06T03:58:47","guid":{"rendered":"https:\/\/zapala8340.com.ar\/?p=43902"},"modified":"2026-03-06T01:00:37","modified_gmt":"2026-03-06T04:00:37","slug":"alerta-por-tormentas-en-neuquen-se-esperan-lluvias-y-rafagas-durante-el-fin-de-semana","status":"publish","type":"post","link":"https:\/\/zapala8340.com.ar\/?p=43902","title":{"rendered":"Alerta por tormentas en Neuqu\u00e9n: se esperan lluvias y r\u00e1fagas durante el fin de semana"},"content":{"rendered":"\n<h2 class=\"wp-block-heading\">El Servicio Meteorol\u00f3gico Nacional (SMN) emiti\u00f3 una alerta amarilla por tormentas que afectar\u00e1 a gran parte del norte y centro de la provincia.<\/h2>\n\n\n\n<p>El fen\u00f3meno comenzar\u00e1 este viernes con tiempo inestable y se intensificar\u00e1 durante el s\u00e1bado y domingo, con chaparrones, tormentas el\u00e9ctricas y r\u00e1fagas de viento que podr\u00edan superar los 50 kil\u00f3metros por hora.<\/p>\n\n\n\n<p><\/p>\n\n\n\n<figure class=\"wp-block-image size-large\"><img loading=\"lazy\" decoding=\"async\" width=\"1024\" height=\"525\" src=\"https:\/\/zapala8340.com.ar\/wp-content\/uploads\/2026\/03\/image-8-1024x525.png\" alt=\"\" class=\"wp-image-43903\" srcset=\"https:\/\/zapala8340.com.ar\/wp-content\/uploads\/2026\/03\/image-8-1024x525.png 1024w, https:\/\/zapala8340.com.ar\/wp-content\/uploads\/2026\/03\/image-8-300x154.png 300w, https:\/\/zapala8340.com.ar\/wp-content\/uploads\/2026\/03\/image-8-768x394.png 768w, https:\/\/zapala8340.com.ar\/wp-content\/uploads\/2026\/03\/image-8.png 1205w\" sizes=\"(max-width: 1024px) 100vw, 1024px\" \/><\/figure>\n\n\n\n<p>La Autoridad Interjurisdiccional de las Cuencas (AIC) anticip\u00f3 el ingreso de aire fresco a templado, con nubosidad variable y mayor inestabilidad en los pr\u00f3ximos d\u00edas, especialmente en valles, mesetas y el centro de Neuqu\u00e9n.<\/p>\n\n\n\n<p><\/p>\n\n\n\n<p>El SMN inform\u00f3 que la alerta amarilla comprender\u00e1 zonas como Confluencia, A\u00f1elo, Pehuenches, Pic\u00fan Leuf\u00fa, Loncopu\u00e9, Picunches, \u00d1orqu\u00edn, Chos Malal y Minas.<\/p>\n\n\n\n<figure class=\"wp-block-image size-full\"><img loading=\"lazy\" decoding=\"async\" width=\"975\" height=\"848\" src=\"https:\/\/zapala8340.com.ar\/wp-content\/uploads\/2026\/03\/image-9.png\" alt=\"\" class=\"wp-image-43904\" srcset=\"https:\/\/zapala8340.com.ar\/wp-content\/uploads\/2026\/03\/image-9.png 975w, https:\/\/zapala8340.com.ar\/wp-content\/uploads\/2026\/03\/image-9-300x261.png 300w, https:\/\/zapala8340.com.ar\/wp-content\/uploads\/2026\/03\/image-9-768x668.png 768w\" sizes=\"(max-width: 975px) 100vw, 975px\" \/><\/figure>\n","protected":false},"excerpt":{"rendered":"<p>El Servicio Meteorol\u00f3gico Nacional (SMN) emiti\u00f3 una alerta amarilla por tormentas que afectar\u00e1 a gran&#8230;<\/p>\n","protected":false},"author":1,"featured_media":43905,"comment_status":"open","ping_status":"open","sticky":false,"template":"","format":"standard","meta":{"footnotes":""},"categories":[31],"tags":[],"class_list":["post-43902","post","type-post","status-publish","format-standard","has-post-thumbnail","hentry","category-provincia"],"_links":{"self":[{"href":"https:\/\/zapala8340.com.ar\/index.php?rest_route=\/wp\/v2\/posts\/43902"}],"collection":[{"href":"https:\/\/zapala8340.com.ar\/index.php?rest_route=\/wp\/v2\/posts"}],"about":[{"href":"https:\/\/zapala8340.com.ar\/index.php?rest_route=\/wp\/v2\/types\/post"}],"author":[{"embeddable":true,"href":"https:\/\/zapala8340.com.ar\/index.php?rest_route=\/wp\/v2\/users\/1"}],"replies":[{"embeddable":true,"href":"https:\/\/zapala8340.com.ar\/index.php?rest_route=%2Fwp%2Fv2%2Fcomments&post=43902"}],"version-history":[{"count":2,"href":"https:\/\/zapala8340.com.ar\/index.php?rest_route=\/wp\/v2\/posts\/43902\/revisions"}],"predecessor-version":[{"id":43907,"href":"https:\/\/zapala8340.com.ar\/index.php?rest_route=\/wp\/v2\/posts\/43902\/revisions\/43907"}],"wp:featuredmedia":[{"embeddable":true,"href":"https:\/\/zapala8340.com.ar\/index.php?rest_route=\/wp\/v2\/media\/43905"}],"wp:attachment":[{"href":"https:\/\/zapala8340.com.ar\/index.php?rest_route=%2Fwp%2Fv2%2Fmedia&parent=43902"}],"wp:term":[{"taxonomy":"category","embeddable":true,"href":"https:\/\/zapala8340.com.ar\/index.php?rest_route=%2Fwp%2Fv2%2Fcategories&post=43902"},{"taxonomy":"post_tag","embeddable":true,"href":"https:\/\/zapala8340.com.ar\/index.php?rest_route=%2Fwp%2Fv2%2Ftags&post=43902"}],"curies":[{"name":"wp","href":"https:\/\/api.w.org\/{rel}","templated":true}]}}