{"id":43909,"date":"2026-03-06T01:13:03","date_gmt":"2026-03-06T04:13:03","guid":{"rendered":"https:\/\/zapala8340.com.ar\/?p=43909"},"modified":"2026-03-06T01:13:03","modified_gmt":"2026-03-06T04:13:03","slug":"el-movil-ver-para-ser-libres-visitara-zapala","status":"publish","type":"post","link":"https:\/\/zapala8340.com.ar\/?p=43909","title":{"rendered":"El m\u00f3vil \u201cVer para ser libres\u201d visitar\u00e1 Zapala"},"content":{"rendered":"\n<h2 class=\"wp-block-heading\">Desde el Ministerio de Salud de la Provincia, se dio a conocer que el m\u00f3vil N\u00b02 del programa nacional \u201cVer para ser libres\u201d se suma al plan provincial de salud escolar, el cual recorrer\u00e1 diferentes localidades de la provincia, siendo una de ellas Zapala.<\/h2>\n\n\n\n<p>La visita al centro de la provincia se dar\u00e1 los d\u00edas 6, 9 y 10 de marzo de 8 a 17 horas y estar\u00e1 dirigido a la entrega de anteojos a estudiantes de entre 12 y 17 a\u00f1os, realizando controles de agudeza visual y confecci\u00f3n de los lentes en el acto. Se trata de una actividad coordinada entre el gobierno neuquino y el ministerio de Capital Humano de la Naci\u00f3n, con el arribo de dos colectivos totalmente equipados del programa nacional para complementar el plan de entrega de lentes que la Provincia ya viene ejecutando.<\/p>\n\n\n\n<p>Desde las redes sociales oficiales del Ministerio de Salud de la Provincia adelantaron que a la brevedad, confirmar\u00e1n el lugar donde se ubicar\u00e1n los m\u00f3viles.<\/p>\n\n\n\n<p>El plan escolar neuquino aborda a estudiantes de 5 a 8 a\u00f1os. Con la llegada de los dispositivos nacionales, la capacidad de respuesta se potenciar\u00e1 significativamente durante las pr\u00f3ximas dos semanas, llegando a adolescentes de hasta 17 a\u00f1os.<\/p>\n\n\n\n<p>La log\u00edstica prev\u00e9 una capacidad de respuesta de 200 anteojos por d\u00eda, permitiendo que muchos estudiantes se lleven su correcci\u00f3n \u00f3ptica en el momento. Adem\u00e1s, el Ministerio de Salud neuquino sumar\u00e1 otros dispositivos sanitarios al operativo: un vacunatorio m\u00f3vil, el mam\u00f3grafo m\u00f3vil y el odontom\u00f3vil, ampliando la oferta de prestaciones para la comunidad.<\/p>\n\n\n\n<p><em>Subsecretar\u00eda de Prensa<\/em><\/p>\n\n\n\n<figure class=\"wp-block-image size-large\"><img loading=\"lazy\" decoding=\"async\" width=\"1024\" height=\"640\" src=\"https:\/\/zapala8340.com.ar\/wp-content\/uploads\/2026\/03\/image-10-1024x640.png\" alt=\"\" class=\"wp-image-43910\" srcset=\"https:\/\/zapala8340.com.ar\/wp-content\/uploads\/2026\/03\/image-10-1024x640.png 1024w, https:\/\/zapala8340.com.ar\/wp-content\/uploads\/2026\/03\/image-10-300x188.png 300w, https:\/\/zapala8340.com.ar\/wp-content\/uploads\/2026\/03\/image-10-768x480.png 768w, https:\/\/zapala8340.com.ar\/wp-content\/uploads\/2026\/03\/image-10.png 1536w, https:\/\/zapala8340.com.ar\/wp-content\/uploads\/2026\/03\/image-10-800x500.png 800w, https:\/\/zapala8340.com.ar\/wp-content\/uploads\/2026\/03\/image-10-400x250.png 400w\" sizes=\"(max-width: 1024px) 100vw, 1024px\" \/><\/figure>\n","protected":false},"excerpt":{"rendered":"<p>Desde el Ministerio de Salud de la Provincia, se dio a conocer que el m\u00f3vil&#8230;<\/p>\n","protected":false},"author":1,"featured_media":43910,"comment_status":"open","ping_status":"open","sticky":false,"template":"","format":"standard","meta":{"footnotes":""},"categories":[8],"tags":[],"class_list":["post-43909","post","type-post","status-publish","format-standard","has-post-thumbnail","hentry","category-zapala"],"_links":{"self":[{"href":"https:\/\/zapala8340.com.ar\/index.php?rest_route=\/wp\/v2\/posts\/43909"}],"collection":[{"href":"https:\/\/zapala8340.com.ar\/index.php?rest_route=\/wp\/v2\/posts"}],"about":[{"href":"https:\/\/zapala8340.com.ar\/index.php?rest_route=\/wp\/v2\/types\/post"}],"author":[{"embeddable":true,"href":"https:\/\/zapala8340.com.ar\/index.php?rest_route=\/wp\/v2\/users\/1"}],"replies":[{"embeddable":true,"href":"https:\/\/zapala8340.com.ar\/index.php?rest_route=%2Fwp%2Fv2%2Fcomments&post=43909"}],"version-history":[{"count":1,"href":"https:\/\/zapala8340.com.ar\/index.php?rest_route=\/wp\/v2\/posts\/43909\/revisions"}],"predecessor-version":[{"id":43911,"href":"https:\/\/zapala8340.com.ar\/index.php?rest_route=\/wp\/v2\/posts\/43909\/revisions\/43911"}],"wp:featuredmedia":[{"embeddable":true,"href":"https:\/\/zapala8340.com.ar\/index.php?rest_route=\/wp\/v2\/media\/43910"}],"wp:attachment":[{"href":"https:\/\/zapala8340.com.ar\/index.php?rest_route=%2Fwp%2Fv2%2Fmedia&parent=43909"}],"wp:term":[{"taxonomy":"category","embeddable":true,"href":"https:\/\/zapala8340.com.ar\/index.php?rest_route=%2Fwp%2Fv2%2Fcategories&post=43909"},{"taxonomy":"post_tag","embeddable":true,"href":"https:\/\/zapala8340.com.ar\/index.php?rest_route=%2Fwp%2Fv2%2Ftags&post=43909"}],"curies":[{"name":"wp","href":"https:\/\/api.w.org\/{rel}","templated":true}]}}