{"id":43934,"date":"2026-03-10T21:50:57","date_gmt":"2026-03-11T00:50:57","guid":{"rendered":"https:\/\/zapala8340.com.ar\/?p=43934"},"modified":"2026-03-10T21:50:58","modified_gmt":"2026-03-11T00:50:58","slug":"adorni-admitio-que-su-esposa-viajo-en-el-avion-presidencial-a-miami-y-nueva-york-queria-que-me-acompane","status":"publish","type":"post","link":"https:\/\/zapala8340.com.ar\/?p=43934","title":{"rendered":"Adorni admiti\u00f3 que su esposa viaj\u00f3 en el avi\u00f3n presidencial a Miami y Nueva York: &#8220;Quer\u00eda que me acompa\u00f1e&#8221;"},"content":{"rendered":"\n<p>Bettina Angeletti form\u00f3 parte de la comitiva oficial que llev\u00f3 a Milei a el fin de semana a Estados Unidos. Busc\u00f3 aclarar que ella hab\u00eda comprado otro pasaje por su cuenta: &#8220;No le sacamos un peso al Estado&#8221;.<\/p>\n\n\n\n<p>La esposa de Manuel Adorni,&nbsp;<strong>Bettina Angeletti<\/strong>, viaj\u00f3 en el avi\u00f3n presidencial que llev\u00f3 a Javier Milei a Miami y Nueva York en los \u00faltimos d\u00edas. El episodio lo admiti\u00f3 el propio jefe de Gabinete en una entrevista este martes por la noche y su explicaci\u00f3n roz\u00f3 lo ins\u00f3lito: \u201cQuer\u00eda que mi mujer me acompa\u00f1e\u201d, se\u00f1al\u00f3.<\/p>\n\n\n\n<p><\/p>\n\n\n\n<p>Adorni qued\u00f3 obligado a dar detalles porque su mujer apareci\u00f3 en la visita que hizo Milei y su comitiva oficial a la tumba del Rebe de Lubavitch, el domingo pasado. Un d\u00eda antes el Presidente estuvo en Miami junto a Donald Trump en el lanzamiento del \u201cEscudo de las Am\u00e9ricas\u201d. All\u00ed tambi\u00e9n estuvo Adorni y, por lo tanto, su esposa.<\/p>\n\n\n\n<p>Adorni intent\u00f3 explicar en el canal A24 que su esposa no le gener\u00f3 gastos al Estado, pero igualmente viaj\u00f3 en el avi\u00f3n presidencial, pese a que no es funcionaria. El ministro coordinador busc\u00f3 aclarar que Angeletti ten\u00eda un pasaje aparte comprado pero que como el funcionario ten\u00eda un deseo personal, se subi\u00f3 al avi\u00f3n presidencial. \u201cElla viajaba a Nueva York, hab\u00eda comprado un pasaje por su cuenta, pero despu\u00e9s como yo iba a Miami, ped\u00ed que me acompa\u00f1ara\u201d, apunt\u00f3 Adorni.<\/p>\n\n\n\n<p><\/p>\n\n\n\n<p><\/p>\n\n\n\n<figure class=\"wp-block-image size-full\"><img loading=\"lazy\" decoding=\"async\" width=\"717\" height=\"705\" src=\"https:\/\/zapala8340.com.ar\/wp-content\/uploads\/2026\/03\/image-19.png\" alt=\"\" class=\"wp-image-43936\" srcset=\"https:\/\/zapala8340.com.ar\/wp-content\/uploads\/2026\/03\/image-19.png 717w, https:\/\/zapala8340.com.ar\/wp-content\/uploads\/2026\/03\/image-19-300x295.png 300w\" sizes=\"(max-width: 717px) 100vw, 717px\" \/><\/figure>\n\n\n\n<p>\u201cNo le sacamos un peso al Estado\u201d, dijo el funcionario, que puntualiz\u00f3 que el pasaje privado que hab\u00eda sacado antes su esposa lo pag\u00f3 US$5.345.<\/p>\n\n\n\n<p>La pr\u00e1ctica de nepotismo ya fue denunciada por el diputado nacional Esteban Paul\u00f3n, que envi\u00f3 un pedido de informes a la Casa Rosada este lunes.<\/p>\n\n\n\n<p><\/p>\n\n\n\n<figure class=\"wp-block-image size-full\"><img loading=\"lazy\" decoding=\"async\" width=\"534\" height=\"300\" src=\"https:\/\/zapala8340.com.ar\/wp-content\/uploads\/2026\/03\/image-18.png\" alt=\"\" class=\"wp-image-43935\" srcset=\"https:\/\/zapala8340.com.ar\/wp-content\/uploads\/2026\/03\/image-18.png 534w, https:\/\/zapala8340.com.ar\/wp-content\/uploads\/2026\/03\/image-18-300x169.png 300w\" sizes=\"(max-width: 534px) 100vw, 534px\" \/><\/figure>\n","protected":false},"excerpt":{"rendered":"<p>Bettina Angeletti form\u00f3 parte de la comitiva oficial que llev\u00f3 a Milei a el fin&#8230;<\/p>\n","protected":false},"author":1,"featured_media":43935,"comment_status":"open","ping_status":"open","sticky":false,"template":"","format":"standard","meta":{"footnotes":""},"categories":[16],"tags":[],"class_list":["post-43934","post","type-post","status-publish","format-standard","has-post-thumbnail","hentry","category-politica"],"_links":{"self":[{"href":"https:\/\/zapala8340.com.ar\/index.php?rest_route=\/wp\/v2\/posts\/43934"}],"collection":[{"href":"https:\/\/zapala8340.com.ar\/index.php?rest_route=\/wp\/v2\/posts"}],"about":[{"href":"https:\/\/zapala8340.com.ar\/index.php?rest_route=\/wp\/v2\/types\/post"}],"author":[{"embeddable":true,"href":"https:\/\/zapala8340.com.ar\/index.php?rest_route=\/wp\/v2\/users\/1"}],"replies":[{"embeddable":true,"href":"https:\/\/zapala8340.com.ar\/index.php?rest_route=%2Fwp%2Fv2%2Fcomments&post=43934"}],"version-history":[{"count":1,"href":"https:\/\/zapala8340.com.ar\/index.php?rest_route=\/wp\/v2\/posts\/43934\/revisions"}],"predecessor-version":[{"id":43937,"href":"https:\/\/zapala8340.com.ar\/index.php?rest_route=\/wp\/v2\/posts\/43934\/revisions\/43937"}],"wp:featuredmedia":[{"embeddable":true,"href":"https:\/\/zapala8340.com.ar\/index.php?rest_route=\/wp\/v2\/media\/43935"}],"wp:attachment":[{"href":"https:\/\/zapala8340.com.ar\/index.php?rest_route=%2Fwp%2Fv2%2Fmedia&parent=43934"}],"wp:term":[{"taxonomy":"category","embeddable":true,"href":"https:\/\/zapala8340.com.ar\/index.php?rest_route=%2Fwp%2Fv2%2Fcategories&post=43934"},{"taxonomy":"post_tag","embeddable":true,"href":"https:\/\/zapala8340.com.ar\/index.php?rest_route=%2Fwp%2Fv2%2Ftags&post=43934"}],"curies":[{"name":"wp","href":"https:\/\/api.w.org\/{rel}","templated":true}]}}