{"id":43938,"date":"2026-03-11T21:17:55","date_gmt":"2026-03-12T00:17:55","guid":{"rendered":"https:\/\/zapala8340.com.ar\/?p=43938"},"modified":"2026-03-11T21:17:56","modified_gmt":"2026-03-12T00:17:56","slug":"el-cruce-de-karina-milei-al-abogado-de-la-afa-conmigo-ustedes-no-tienen-nada-que-arreglar","status":"publish","type":"post","link":"https:\/\/zapala8340.com.ar\/?p=43938","title":{"rendered":"El cruce de Karina Milei al abogado de la AFA: &#8220;Conmigo ustedes no tienen nada que arreglar&#8221;"},"content":{"rendered":"\n<h2 class=\"wp-block-heading\">La secretaria general de la Presidencia,\u00a0Karina Milei, sali\u00f3 al cruce este mi\u00e9rcoles del abogado de la Asociaci\u00f3n del F\u00fatbol Argentino (AFA), Gregorio Dalb\u00f3n, luego de que el letrado acusara al Gobierno de intentar \u201cquedarse\u201d con la entidad que conduce el f\u00fatbol argentino. \u201cEst\u00e1 en manos de la Justicia\u201d, afirm\u00f3 la funcionaria en un mensaje publicado en sus redes sociales.<\/h2>\n\n\n\n<p><\/p>\n\n\n\n<p>\u201cConmigo ustedes no tienen nada que arreglar. Est\u00e1n en manos de la Justicia y si son culpables tendr\u00e1n que pagar con todo el peso de la ley. Fin\u201d, escribi\u00f3 la hermana del presidente Javier Milei en su cuenta de X. El pronunciamiento llam\u00f3 la atenci\u00f3n porque la funcionaria no suele intervenir p\u00fablicamente en este tipo de pol\u00e9micas a trav\u00e9s de esa plataforma.<\/p>\n\n\n\n<p><\/p>\n\n\n\n<p>Tras el mensaje, el ministro de Justicia, Juan Bautista Mahiques, tambi\u00e9n se refiri\u00f3 al tema y sostuvo que \u201cel debido proceso y la independencia judicial se encuentran garantizados por normas de jerarqu\u00eda constitucional y por tratados internacionales de derechos humanos\u201d.<\/p>\n\n\n\n<p>&#8220;Dicho marco jur\u00eddico proh\u00edbe expresamente cualquier intervenci\u00f3n del Poder Ejecutivo en causas judiciales, precisamente para resguardar la autonom\u00eda del Poder Judicial y la plena vigencia de la divisi\u00f3n de poderes&#8221;, indic\u00f3 el funcionario y garantiz\u00f3 que el &#8220;Gobierno respeta estrictamente esos principios institucionales y ha puesto, y seguir\u00e1 poniendo, toda la informaci\u00f3n necesaria a disposici\u00f3n de la Justicia para colaborar con las investigaciones&#8221;.<\/p>\n\n\n\n<p><\/p>\n\n\n\n<p>&#8220;Como siempre, esperamos que, de existir delitos, se investigue con seriedad y se juzgue a los responsables conforme a derecho&#8221;, sostuvo.<\/p>\n\n\n\n<p>Qu\u00e9 dijo Dalb\u00f3n<\/p>\n\n\n\n<p>Las declaraciones de Karina Milei llegaron despu\u00e9s de que Dalb\u00f3n asegurara que las investigaciones contra el tesorero de la AFA, Pablo Toviggino, y el presidente de la entidad, Claudio Tapia, responden \u2014seg\u00fan su planteo\u2014 al inter\u00e9s del asesor presidencial Santiago Caputo de controlar la organizaci\u00f3n que dirige el f\u00fatbol argentino. \u201cEsto es una cuesti\u00f3n absolutamente pol\u00edtica, no es una cuesti\u00f3n jur\u00eddica y se va a terminar arreglando pol\u00edticamente, no con Santiago Caputo, pero posiblemente con Karina\u201d, sostuvo el abogado.<\/p>\n\n\n\n<p>El letrado realiz\u00f3 esas declaraciones en las escalinatas de los tribunales federales de Comodoro Py, luego de que Toviggino se presentara a declarar ante el juez en lo penal econ\u00f3mico Diego Amarante.<\/p>\n\n\n\n<p><\/p>\n\n\n\n<p>\u201cEs evidente que el Estado, si est\u00e1 hace cuatro meses hablando de la AFA es porque se quiere quedar con la AFA. Y la AFA se la quiere quedar Santiago Caputo\u201d, argument\u00f3 el letrado.<\/p>\n\n\n\n<p>Toviggino fue indagado este mi\u00e9rcoles en la causa por presunta retenci\u00f3n indebida de aportes por al menos 19.000 millones de pesos. Seg\u00fan trascendi\u00f3, present\u00f3 un escrito y opt\u00f3 por no responder preguntas. En la investigaci\u00f3n tambi\u00e9n est\u00e1 imputado Tapia, quien fue citado a declarar para este jueves al mediod\u00eda.<\/p>\n\n\n\n<p><\/p>\n\n\n\n<p>El dirigente ingres\u00f3 a los tribunales a las 11.05 acompa\u00f1ado por su abogado, Marcelo Rochetti, y se dirigi\u00f3 al segundo piso, donde funciona el juzgado de Amarante. La indagatoria finaliz\u00f3 poco despu\u00e9s de las 12 y el dirigente se retir\u00f3 del edificio sin hacer declaraciones a la prensa.<\/p>\n\n\n\n<p>Antes de comparecer ante la Justicia, el tesorero de la AFA public\u00f3 un mensaje en X en el que cit\u00f3 una frase atribuida al Papa Francisco, vinculada a la b\u00fasqueda de la verdad y la justicia.<\/p>\n\n\n\n<p>\u201cVivir es intentar. Y quien intenta, inevitablemente tropieza. Caemos cuando fallamos, cuando nos equivocamos, cuando confiamos en quien no deb\u00edamos o cuando nuestras propias decisiones no dan el fruto esperado. Pero la ca\u00edda no define nuestra historia; lo que realmente la define es la decisi\u00f3n que tomamos despu\u00e9s\u201d, cit\u00f3 en el posteo.<\/p>\n\n\n\n<p>La denuncia de ARCA<\/p>\n\n\n\n<p>La investigaci\u00f3n se inici\u00f3 a partir de una denuncia presentada por Agencia de Recaudaci\u00f3n y Control Aduanero (ARCA), que act\u00faa como querellante en el expediente. El caso se centra en la presunta falta de pago de retenciones vinculadas al Impuesto a las Ganancias, IVA y aportes previsionales entre marzo de 2024 y septiembre de 2025, un delito que prev\u00e9 penas de dos a seis a\u00f1os de prisi\u00f3n.<\/p>\n\n\n\n<p>Una vez finalizadas las indagatorias, el juez quedar\u00e1 en condiciones de resolver la situaci\u00f3n procesal de los acusados. En paralelo, la C\u00e1mara en lo Penal Econ\u00f3mico deber\u00e1 definir si confirma la continuidad de la investigaci\u00f3n o si la cierra por inexistencia de delito, tal como solicit\u00f3 la defensa de los dirigentes.<\/p>\n\n\n\n<p>A24<\/p>\n\n\n\n<figure class=\"wp-block-image size-full\"><img loading=\"lazy\" decoding=\"async\" width=\"900\" height=\"506\" src=\"https:\/\/zapala8340.com.ar\/wp-content\/uploads\/2026\/03\/image-20.png\" alt=\"\" class=\"wp-image-43939\" srcset=\"https:\/\/zapala8340.com.ar\/wp-content\/uploads\/2026\/03\/image-20.png 900w, https:\/\/zapala8340.com.ar\/wp-content\/uploads\/2026\/03\/image-20-300x169.png 300w, https:\/\/zapala8340.com.ar\/wp-content\/uploads\/2026\/03\/image-20-768x432.png 768w\" sizes=\"(max-width: 900px) 100vw, 900px\" \/><\/figure>\n","protected":false},"excerpt":{"rendered":"<p>La secretaria general de la Presidencia,\u00a0Karina Milei, sali\u00f3 al cruce este mi\u00e9rcoles del abogado de&#8230;<\/p>\n","protected":false},"author":1,"featured_media":43939,"comment_status":"open","ping_status":"open","sticky":false,"template":"","format":"standard","meta":{"footnotes":""},"categories":[16],"tags":[],"class_list":["post-43938","post","type-post","status-publish","format-standard","has-post-thumbnail","hentry","category-politica"],"_links":{"self":[{"href":"https:\/\/zapala8340.com.ar\/index.php?rest_route=\/wp\/v2\/posts\/43938"}],"collection":[{"href":"https:\/\/zapala8340.com.ar\/index.php?rest_route=\/wp\/v2\/posts"}],"about":[{"href":"https:\/\/zapala8340.com.ar\/index.php?rest_route=\/wp\/v2\/types\/post"}],"author":[{"embeddable":true,"href":"https:\/\/zapala8340.com.ar\/index.php?rest_route=\/wp\/v2\/users\/1"}],"replies":[{"embeddable":true,"href":"https:\/\/zapala8340.com.ar\/index.php?rest_route=%2Fwp%2Fv2%2Fcomments&post=43938"}],"version-history":[{"count":1,"href":"https:\/\/zapala8340.com.ar\/index.php?rest_route=\/wp\/v2\/posts\/43938\/revisions"}],"predecessor-version":[{"id":43940,"href":"https:\/\/zapala8340.com.ar\/index.php?rest_route=\/wp\/v2\/posts\/43938\/revisions\/43940"}],"wp:featuredmedia":[{"embeddable":true,"href":"https:\/\/zapala8340.com.ar\/index.php?rest_route=\/wp\/v2\/media\/43939"}],"wp:attachment":[{"href":"https:\/\/zapala8340.com.ar\/index.php?rest_route=%2Fwp%2Fv2%2Fmedia&parent=43938"}],"wp:term":[{"taxonomy":"category","embeddable":true,"href":"https:\/\/zapala8340.com.ar\/index.php?rest_route=%2Fwp%2Fv2%2Fcategories&post=43938"},{"taxonomy":"post_tag","embeddable":true,"href":"https:\/\/zapala8340.com.ar\/index.php?rest_route=%2Fwp%2Fv2%2Ftags&post=43938"}],"curies":[{"name":"wp","href":"https:\/\/api.w.org\/{rel}","templated":true}]}}