{"id":43941,"date":"2026-03-12T09:59:29","date_gmt":"2026-03-12T12:59:29","guid":{"rendered":"https:\/\/zapala8340.com.ar\/?p=43941"},"modified":"2026-03-12T09:59:30","modified_gmt":"2026-03-12T12:59:30","slug":"google-maps-confundio-un-monumento-a-raul-alfonsin-con-un-homenaje-a-saddam-hussein","status":"publish","type":"post","link":"https:\/\/zapala8340.com.ar\/?p=43941","title":{"rendered":"Google Maps confundi\u00f3 un monumento a Ra\u00fal Alfons\u00edn con un homenaje a Saddam Hussein"},"content":{"rendered":"\n<p><strong>Ra\u00fal Alfons\u00edn<\/strong>\u00a0se convirti\u00f3 de nuevo en noticia cuando se viraliz\u00f3 en las redes sociales que<strong>\u00a0Google Maps\u00a0lo identificaba, err\u00f3neamente,\u00a0como\u00a0Saddam Hussein\u00a0<\/strong>en\u00a0un monumento que el radicalismo levant\u00f3\u00a0en Bah\u00eda Blanca para reconocer su vida y su trabajo.<\/p>\n\n\n\n<p><\/p>\n\n\n\n<figure class=\"wp-block-image size-full\"><img loading=\"lazy\" decoding=\"async\" width=\"768\" height=\"480\" src=\"https:\/\/zapala8340.com.ar\/wp-content\/uploads\/2026\/03\/image-21.png\" alt=\"\" class=\"wp-image-43942\" srcset=\"https:\/\/zapala8340.com.ar\/wp-content\/uploads\/2026\/03\/image-21.png 768w, https:\/\/zapala8340.com.ar\/wp-content\/uploads\/2026\/03\/image-21-300x188.png 300w, https:\/\/zapala8340.com.ar\/wp-content\/uploads\/2026\/03\/image-21-400x250.png 400w\" sizes=\"(max-width: 768px) 100vw, 768px\" \/><\/figure>\n\n\n\n<p>Seg\u00fan&nbsp;<em>Clar\u00edn<\/em>, este monumento inaugurado en 2003 para conmemorar los 14 a\u00f1os del fallecimiento del expresidente,&nbsp;se encuentra ubicado en la plaza que se forma dentro de la rotonda que integran la&nbsp;autov\u00eda Atilio Fruet,&nbsp;la calle Alberto Pedro Cabrera, la Avenida Jorge Newbery y la avenida Ra\u00fal Alfons\u00edn. El problema fue que,&nbsp;<strong>a lo largo de varios d\u00edas, al colocar&nbsp;Google Maps en ese lugar, aparec\u00eda \u201cmonumento a Saddam Hussein\u201d,<\/strong>&nbsp;el dictador que control\u00f3 Ir\u00e1n desde 1979 hasta su derrocamiento en 2003.<\/p>\n\n\n\n<p><\/p>\n\n\n\n<p>Los cibernautas advirtieron la equivocaci\u00f3n y la noticia se viraliz\u00f3 en las redes sociales, hasta que&nbsp;<strong>Juan Cruz Lissarrague, presidente de la Juventud Radical de Bah\u00eda Blanca, intervino para solucionar el problema.<\/strong>&nbsp; &#8220;Ya iniciamos las gestiones&#8221;, le respondi\u00f3 el referente pol\u00edtico de la UCR a una persona que le consult\u00f3 por el tema, mostrando una captura de pantalla en su celular donde se encontraba el reclamo realizado ante Google.<\/p>\n\n\n\n<p>Finalmente<strong>, el error pudo corregirse y el lugar ahora puede verse con el nombre correcto<\/strong>&nbsp;en la popular aplicaci\u00f3n digital.<\/p>\n\n\n\n<p><\/p>\n\n\n\n<figure class=\"wp-block-image size-full\"><img loading=\"lazy\" decoding=\"async\" width=\"768\" height=\"768\" src=\"https:\/\/zapala8340.com.ar\/wp-content\/uploads\/2026\/03\/image-22.png\" alt=\"\" class=\"wp-image-43943\" srcset=\"https:\/\/zapala8340.com.ar\/wp-content\/uploads\/2026\/03\/image-22.png 768w, https:\/\/zapala8340.com.ar\/wp-content\/uploads\/2026\/03\/image-22-300x300.png 300w, https:\/\/zapala8340.com.ar\/wp-content\/uploads\/2026\/03\/image-22-150x150.png 150w\" sizes=\"(max-width: 768px) 100vw, 768px\" \/><\/figure>\n\n\n\n<h2 class=\"wp-block-heading\">Los grandes hitos de la presidencia de Ra\u00fal Alfons\u00edn<\/h2>\n\n\n\n<p>El 30 de octubre de 1983, luego de 7 a\u00f1os de dictadura militar, la ciudadan\u00eda volvi\u00f3 a escoger gobernantes y&nbsp;<strong>Ra\u00fal Alfons\u00edn, el candidato oriundo de Chascom\u00fas, se convirti\u00f3 en presidente electo&nbsp;<\/strong>por la Uni\u00f3n C\u00edvica Radical. Su mandato comenz\u00f3 el 10 de diciembre y termin\u00f3 anticipadamente en julio de 1989.<\/p>\n\n\n\n<p>\u201c<strong>Vamos a vivir en libertad. De eso, no quepa duda<\/strong>\u201d, remarc\u00f3 el referente de la UCR en su discurso de su asunci\u00f3n en el Congreso,&nbsp;y luego dijo una de sus frases m\u00e1s emblem\u00e1ticas: \u201c<strong>Con la democracia no solo se vota, sino que tambi\u00e9n se come, se educa y se cura<\/strong>\u201d.<img decoding=\"async\" src=\"https:\/\/img-s-msn-com.akamaized.net\/tenant\/amp\/entityid\/AA1YrYXr.img?w=768&amp;h=431&amp;m=6&amp;x=0&amp;y=84&amp;s=793&amp;d=280\" alt=\"Ra\u00fal Alfons\u00edn\"><\/p>\n\n\n\n<p>Ra\u00fal Alfons\u00edn<\/p>\n\n\n\n<p><strong>Alfons\u00edn cre\u00f3 la Comisi\u00f3n Nacional sobre la Desaparici\u00f3n de Personas (CONADEP)<\/strong>, presidida por el escritor Ernesto S\u00e1bato, cuyo objetivo era investigar las violaciones a los derechos humanos, especialmente la desaparici\u00f3n de personas, durante la \u00faltima dictadura militar.&nbsp;<strong>En 1984, public\u00f3 un informe final llamado \u201cNunca M\u00e1s\u201d.<\/strong><\/p>\n\n\n\n<p><\/p>\n\n\n\n<p><strong>Otro hito importante del alfonsinismo fue el proceso judicial de 1985&nbsp;donde se juzg\u00f3 a las tres Juntas Militares de la dictadura autodenominada Proceso de Reorganizaci\u00f3n Nacional<\/strong>. A trav\u00e9s del Decreto 158\/83, el mandatario orden\u00f3 enjuiciar a nueve de los diez militares de las tres armas que formaban las Juntas: Jorge Rafael Videla, Orlando Ram\u00f3n Agosti, Emilio Eduardo Massera, Roberto Eduardo Viola, Omar Graffigna, Armando Lambruschini, Leopoldo Fortunato Galtieri, Basilio Lami Dozo y Jorge Anaya.<\/p>\n\n\n\n<p><strong>El 9 de diciembre de 1985 se conden\u00f3 a 5&nbsp;de los 9 militares enjuiciados.<\/strong>&nbsp;Graffigna, Galtieri, Lami Dozo y Anaya fueron absueltos.<\/p>\n\n\n\n<p>Adem\u00e1s,<strong>&nbsp;durante el mandato de Alfons\u00edn sali\u00f3 la ley de divorcio vincular, la patria potestad compartida\u200b<\/strong>&nbsp;y se potenci\u00f3 la defensa de los Derechos Humanos.\u200b<img decoding=\"async\" src=\"https:\/\/img-s-msn-com.akamaized.net\/tenant\/amp\/entityid\/AA1W2LKU.img?w=768&amp;h=431&amp;m=6&amp;x=0&amp;y=22&amp;s=899&amp;d=317\" alt=\"Carlos Menem\"><\/p>\n\n\n\n<p>Carlos Menem<\/p>\n\n\n\n<p>A pesar de estos hitos, la crisis econ\u00f3mica y sus enfrentamientos con sectores sindicales, militares y empresariales<strong>&nbsp;oblig\u00f3 al presidente radical a entregar anticipadamente el poder a Carlos Menem.<\/strong><\/p>\n\n\n\n<p><\/p>\n\n\n\n<p><\/p>\n\n\n\n<figure class=\"wp-block-image size-large\"><img loading=\"lazy\" decoding=\"async\" width=\"1024\" height=\"576\" src=\"https:\/\/zapala8340.com.ar\/wp-content\/uploads\/2026\/03\/image-23-1024x576.png\" alt=\"\" class=\"wp-image-43944\" srcset=\"https:\/\/zapala8340.com.ar\/wp-content\/uploads\/2026\/03\/image-23-1024x576.png 1024w, https:\/\/zapala8340.com.ar\/wp-content\/uploads\/2026\/03\/image-23-300x169.png 300w, https:\/\/zapala8340.com.ar\/wp-content\/uploads\/2026\/03\/image-23-768x432.png 768w, https:\/\/zapala8340.com.ar\/wp-content\/uploads\/2026\/03\/image-23.png 1140w\" sizes=\"(max-width: 1024px) 100vw, 1024px\" \/><\/figure>\n","protected":false},"excerpt":{"rendered":"<p>Ra\u00fal Alfons\u00edn\u00a0se convirti\u00f3 de nuevo en noticia cuando se viraliz\u00f3 en las redes sociales que\u00a0Google&#8230;<\/p>\n","protected":false},"author":1,"featured_media":43944,"comment_status":"open","ping_status":"open","sticky":false,"template":"","format":"standard","meta":{"footnotes":""},"categories":[4],"tags":[],"class_list":["post-43941","post","type-post","status-publish","format-standard","has-post-thumbnail","hentry","category-nacionales"],"_links":{"self":[{"href":"https:\/\/zapala8340.com.ar\/index.php?rest_route=\/wp\/v2\/posts\/43941"}],"collection":[{"href":"https:\/\/zapala8340.com.ar\/index.php?rest_route=\/wp\/v2\/posts"}],"about":[{"href":"https:\/\/zapala8340.com.ar\/index.php?rest_route=\/wp\/v2\/types\/post"}],"author":[{"embeddable":true,"href":"https:\/\/zapala8340.com.ar\/index.php?rest_route=\/wp\/v2\/users\/1"}],"replies":[{"embeddable":true,"href":"https:\/\/zapala8340.com.ar\/index.php?rest_route=%2Fwp%2Fv2%2Fcomments&post=43941"}],"version-history":[{"count":1,"href":"https:\/\/zapala8340.com.ar\/index.php?rest_route=\/wp\/v2\/posts\/43941\/revisions"}],"predecessor-version":[{"id":43945,"href":"https:\/\/zapala8340.com.ar\/index.php?rest_route=\/wp\/v2\/posts\/43941\/revisions\/43945"}],"wp:featuredmedia":[{"embeddable":true,"href":"https:\/\/zapala8340.com.ar\/index.php?rest_route=\/wp\/v2\/media\/43944"}],"wp:attachment":[{"href":"https:\/\/zapala8340.com.ar\/index.php?rest_route=%2Fwp%2Fv2%2Fmedia&parent=43941"}],"wp:term":[{"taxonomy":"category","embeddable":true,"href":"https:\/\/zapala8340.com.ar\/index.php?rest_route=%2Fwp%2Fv2%2Fcategories&post=43941"},{"taxonomy":"post_tag","embeddable":true,"href":"https:\/\/zapala8340.com.ar\/index.php?rest_route=%2Fwp%2Fv2%2Ftags&post=43941"}],"curies":[{"name":"wp","href":"https:\/\/api.w.org\/{rel}","templated":true}]}}