{"id":43954,"date":"2026-03-12T10:25:14","date_gmt":"2026-03-12T13:25:14","guid":{"rendered":"https:\/\/zapala8340.com.ar\/?p=43954"},"modified":"2026-03-12T10:25:15","modified_gmt":"2026-03-12T13:25:15","slug":"asumio-jose-antonio-kast-y-la-derecha-gobernara-chile-hasta-2030","status":"publish","type":"post","link":"https:\/\/zapala8340.com.ar\/?p=43954","title":{"rendered":"Asumi\u00f3 Jos\u00e9 Antonio Kast y la derecha gobernar\u00e1 Chile hasta 2030"},"content":{"rendered":"\n<p>Tras los cortocircuitos en la era Boric, el nuevo presidente prometi\u00f3 una alianza entre Chile y Argentina por la coincidencia con Javier Milei, quien estuvo presente en la ceremonia.<\/p>\n\n\n\n<p><\/p>\n\n\n\n<p>Chile\u00a0vivi\u00f3 este mi\u00e9rcoles 11 de marzo una\u00a0<strong>jornada hist\u00f3rica\u00a0<\/strong>con el traspaso de mando entre el izquierdista\u00a0Gabriel Boric\u00a0y el\u00a0<strong>derechista Jos\u00e9 Antonio Kast, quien ejercer\u00e1 la presidencia hasta 2030.<\/strong><\/p>\n\n\n\n<figure class=\"wp-block-image size-full\"><img loading=\"lazy\" decoding=\"async\" width=\"1000\" height=\"667\" src=\"https:\/\/zapala8340.com.ar\/wp-content\/uploads\/2026\/03\/image-28.png\" alt=\"\" class=\"wp-image-43955\" srcset=\"https:\/\/zapala8340.com.ar\/wp-content\/uploads\/2026\/03\/image-28.png 1000w, https:\/\/zapala8340.com.ar\/wp-content\/uploads\/2026\/03\/image-28-300x200.png 300w, https:\/\/zapala8340.com.ar\/wp-content\/uploads\/2026\/03\/image-28-768x512.png 768w\" sizes=\"(max-width: 1000px) 100vw, 1000px\" \/><\/figure>\n\n\n\n<p>Al&nbsp;<strong>mediod\u00eda<\/strong>,&nbsp;<strong>Kast asumi\u00f3 formalmente la Presidencia de la Rep\u00fablica<\/strong>&nbsp;durante la&nbsp;<strong>ceremonia&nbsp;<\/strong>de&nbsp;<strong>traspaso&nbsp;<\/strong>de mando en el Congreso Nacional, en Valpara\u00edso.<\/p>\n\n\n\n<p>En el Sal\u00f3n de Honor del Senado, la nueva presidenta de la C\u00e1mara Alta, la conservadora Paulina N\u00fa\u00f1ez, le impuso la banda presidencial y la medalla de O&#8217;Higgins a Kast.<\/p>\n\n\n\n<p><\/p>\n\n\n\n<figure class=\"wp-block-embed is-type-rich is-provider-twitter wp-block-embed-twitter\"><div class=\"wp-block-embed__wrapper\">\n<blockquote class=\"twitter-tweet\" data-width=\"550\" data-dnt=\"true\"><p lang=\"es\" dir=\"ltr\">\ud83c\udde8\ud83c\uddf1\ud83c\udde6\ud83c\uddf7 | El saludo y abrazo entre Jos\u00e9 Antonio Kast y Javier Milei en la entrada del Congreso de Chile. <a href=\"https:\/\/t.co\/6GLSMWP6Iz\">pic.twitter.com\/6GLSMWP6Iz<\/a><\/p>&mdash; Alerta Mundial (@AlertaMundoNews) <a href=\"https:\/\/twitter.com\/AlertaMundoNews\/status\/2031748078437364007?ref_src=twsrc%5Etfw\">March 11, 2026<\/a><\/blockquote><script async src=\"https:\/\/platform.twitter.com\/widgets.js\" charset=\"utf-8\"><\/script>\n<\/div><\/figure>\n\n\n\n<p>Luego de la investidura, el nuevo jefe de Estado ofreci\u00f3 un&nbsp;<strong>almuerzo&nbsp;<\/strong>en honor a las delegaciones internacionales que asistieron al acto.<\/p>\n\n\n\n<p><\/p>\n\n\n\n<p><strong>La jornada concluir\u00e1 a las 21 con el primer mensaje&nbsp;<\/strong>del nuevo mandatario chileno a la ciudadan\u00eda. Kast brindar\u00e1 un discurso desde el balc\u00f3n del sal\u00f3n Independencia del Palacio de&nbsp;<strong>La Moneda<\/strong>, en&nbsp;<strong>Santiago<\/strong>&nbsp;de Chile, en lo que ser\u00e1 su primera alocuci\u00f3n como presidente ante el pa\u00eds.<\/p>\n\n\n\n<p>El presidente&nbsp;<strong>Javier Milei, invitado a la ceremonia,<\/strong>&nbsp;iba a mantener esta ma\u00f1ana una&nbsp;<strong>reuni\u00f3n<\/strong>&nbsp;<strong>bilateral&nbsp;<\/strong>con su socio Kast<strong>, pero el encuentro fue cancelado a \u00faltimo momento<\/strong>. Apenas se saludaron c\u00e1lidamente en el ingreso al lugar, reflejando el peso de su&nbsp;<strong>alianza geopol\u00edtica.<\/strong><\/p>\n\n\n\n<figure class=\"wp-block-image\" id=\"697552-Libre-2092538545_wrap\"><img decoding=\"async\" src=\"https:\/\/media.losandes.com.ar\/p\/3dba93fdc2dba7557cccddf97bff2f77\/adjuntos\/368\/imagenes\/100\/697\/0100697928\/1000x0\/smart\/javier-milei-y-jose-antonio-kast.jpg\" alt=\"Javier Milei y Jos\u00e9 Antonio Kast\" title=\"Javier Milei y Jos\u00e9 Antonio Kast\"\/><figcaption class=\"wp-element-caption\">Javier Milei y Jos\u00e9 Antonio Kast&nbsp;EFE<\/figcaption><\/figure>\n\n\n\n<p>Seg\u00fan indicaron a&nbsp;<em>BioBioChile&nbsp;<\/em>desde el entorno del flamante jefe de Estado, la cita, que estaba agendada para las 9.10 en el Palacio Presidencial de Cerro Castillo, en Vi\u00f1a del Mar, fue suspendida \u201cpor temas de agenda\u201d, aunque trascendi\u00f3 que&nbsp;<strong>el vuelo desde Argentina que traslada al mandatario sali\u00f3 m\u00e1s tarde de lo programado.<\/strong><\/p>\n\n\n\n<p>Entonces,&nbsp;<strong>Milei fue directamente al Congreso Nacional&nbsp;<\/strong>en&nbsp;<strong>Valpara\u00edso<\/strong>&nbsp;para asistir a la ceremonia de traspaso de mando, sin la reuni\u00f3n que otros mandatarios invitados s\u00ed tuvieron con Kast en las \u00faltimas horas.<\/p>\n\n\n\n<p><\/p>\n\n\n\n<p><\/p>\n\n\n\n<p>Kast, exdiputado ultracat\u00f3lico de 60 a\u00f1os, se transformar\u00e1 en el&nbsp;<strong>primer mandatario de extrema derecha&nbsp;<\/strong>en llegar al poder en la democracia chilena y en el primero en respaldar la dictadura de Augusto Pinochet (1973-1990).<\/p>\n\n\n\n<p>Hasta ahora, el \u00fanico&nbsp;<strong>conservador<\/strong>, pero de&nbsp;<strong>centro<\/strong>&#8211;<strong>derecha<\/strong>, que hab\u00eda gobernado Chile era&nbsp;<strong>Sebasti\u00e1n Pi\u00f1era<\/strong>, que lo hizo en dos mandatos no consecutivos (2010-2014 y 2018-2022) y que vot\u00f3 en contra de la continuidad del r\u00e9gimen en el plebiscito de 1989, a diferencia de Kast, que hizo campa\u00f1a a favor.<\/p>\n\n\n\n<p><\/p>\n\n\n\n<p><\/p>\n\n\n\n<p>La sorpresa de la jornada la protagoniz\u00f3 el brasile\u00f1o&nbsp;<strong>Lula<\/strong>&nbsp;<strong>da Silva<\/strong>, que suspendi\u00f3 su viaje a \u00faltima hora y envi\u00f3 en su lugar al canciller,&nbsp;<strong>Mauro Vieira.<\/strong><\/p>\n\n\n\n<p>La Presidencia brasile\u00f1a no divulg\u00f3 los motivos, pero la decisi\u00f3n fue confirmada un d\u00eda despu\u00e9s de que anunciara su viaje a Chile<strong>&nbsp;el senador ultraderechista Fl\u00e1vio Bolsonaro, considerado como principal rival de Lula en las elecciones de octubre e hijo del expresidente Jair Bolsonaro<\/strong>, condenado a 27 a\u00f1os de prisi\u00f3n por intento de golpe de Estado.<\/p>\n\n\n\n<figure class=\"wp-block-image\" id=\"667879-Libre-1804151752_wrap\"><img decoding=\"async\" src=\"https:\/\/media.losandes.com.ar\/p\/119a6b6aeb52c508715bcf387d1046cb\/adjuntos\/368\/imagenes\/100\/668\/0100668245\/1000x0\/smart\/jose-antonio-kast-y-javier-milei.jpg\" alt=\"Jos\u00e9 Antonio Kast y Javier Milei\" title=\"Jos\u00e9 Antonio Kast y Javier Milei\"\/><figcaption class=\"wp-element-caption\">Jos\u00e9 Antonio Kast y Javier Milei&nbsp;Archivo<\/figcaption><\/figure>\n\n\n\n<h2 class=\"wp-block-heading\">Argentina y Chile, alineados ideol\u00f3gicamente<\/h2>\n\n\n\n<p>La\u00a0<strong>buena relaci\u00f3n entre Kast y Milei simboliza el nuevo clima pol\u00edtico entre ambos pa\u00edses.<\/strong>\u00a0Durante los \u00faltimos meses, el chileno hab\u00eda anticipado su intenci\u00f3n de<strong>\u00a0fortalecer la relaci\u00f3n con Argentina,<\/strong>\u00a0luego de<strong>\u00a0los cortocircuitos diplom\u00e1ticos que caracterizaron el v\u00ednculo entre Milei y el presidente saliente, Gabriel Boric.<\/strong><\/p>\n\n\n\n<p><strong>\u201cNosotros esperamos tener la mejor relaci\u00f3n con todos nuestros vecinos\u201d<\/strong>, hab\u00eda expresado Kast al referirse al futuro de la relaci\u00f3n bilateral.<strong>&nbsp;Tanto \u00e9l como Milei comparten afinidades pol\u00edticas en materia econ\u00f3mica y de &#8220;mano dura&#8221; en seguridad<\/strong>, adem\u00e1s de una&nbsp;<strong>agenda conservadora&nbsp;<\/strong>en temas sociales.<\/p>\n\n\n\n<p>M\u00e1s all\u00e1 de la afinidad ideol\u00f3gica, ambos gobiernos tambi\u00e9n buscan potenciar la&nbsp;<strong>cooperaci\u00f3n econ\u00f3mica entre Argentina y Chile<\/strong>&nbsp;en \u00e1reas estrat\u00e9gicas para el desarrollo regional. Entre ellas se destacan sectores como&nbsp;<strong>la energ\u00eda, la miner\u00eda, la infraestructura y el comercio bilateral,<\/strong>&nbsp;en un contexto internacional marcado por la&nbsp;<strong>influencia&nbsp;<\/strong>de<strong>&nbsp;Estados Unidos bajo la presidencia de Donald Trump.<\/strong><\/p>\n\n\n\n<figure class=\"wp-block-image\" id=\"697563-Libre-1815203408_wrap\"><img decoding=\"async\" src=\"https:\/\/media.losandes.com.ar\/p\/43ea540f5a8f0df1add0a192a2a42b78\/adjuntos\/368\/imagenes\/100\/697\/0100697939\/1000x0\/smart\/jose-antonio-kast-y-gabriel-boric-el-traspaso-mando-el-congreso-nacional-chile.jpg\" alt=\"Jos\u00e9 Antonio Kast y Gabriel Boric en el traspaso de mando en el Congreso Nacional de Chile\" title=\"Jos\u00e9 Antonio Kast y Gabriel Boric en el traspaso de mando en el Congreso Nacional de Chile\"\/><figcaption class=\"wp-element-caption\">Jos\u00e9 Antonio Kast y Gabriel Boric en el traspaso de mando en el Congreso Nacional de Chile&nbsp;<\/figcaption><\/figure>\n\n\n\n<p>Nota<\/p>\n\n\n\n<figure class=\"wp-block-image size-full is-resized\"><img loading=\"lazy\" decoding=\"async\" width=\"312\" height=\"44\" src=\"https:\/\/zapala8340.com.ar\/wp-content\/uploads\/2026\/03\/image-29.png\" alt=\"\" class=\"wp-image-43956\" style=\"width:143px;height:auto\" srcset=\"https:\/\/zapala8340.com.ar\/wp-content\/uploads\/2026\/03\/image-29.png 312w, https:\/\/zapala8340.com.ar\/wp-content\/uploads\/2026\/03\/image-29-300x42.png 300w\" sizes=\"(max-width: 312px) 100vw, 312px\" \/><\/figure>\n","protected":false},"excerpt":{"rendered":"<p>Tras los cortocircuitos en la era Boric, el nuevo presidente prometi\u00f3 una alianza entre Chile&#8230;<\/p>\n","protected":false},"author":1,"featured_media":43955,"comment_status":"open","ping_status":"open","sticky":false,"template":"","format":"standard","meta":{"footnotes":""},"categories":[5],"tags":[],"class_list":["post-43954","post","type-post","status-publish","format-standard","has-post-thumbnail","hentry","category-internacionales"],"_links":{"self":[{"href":"https:\/\/zapala8340.com.ar\/index.php?rest_route=\/wp\/v2\/posts\/43954"}],"collection":[{"href":"https:\/\/zapala8340.com.ar\/index.php?rest_route=\/wp\/v2\/posts"}],"about":[{"href":"https:\/\/zapala8340.com.ar\/index.php?rest_route=\/wp\/v2\/types\/post"}],"author":[{"embeddable":true,"href":"https:\/\/zapala8340.com.ar\/index.php?rest_route=\/wp\/v2\/users\/1"}],"replies":[{"embeddable":true,"href":"https:\/\/zapala8340.com.ar\/index.php?rest_route=%2Fwp%2Fv2%2Fcomments&post=43954"}],"version-history":[{"count":1,"href":"https:\/\/zapala8340.com.ar\/index.php?rest_route=\/wp\/v2\/posts\/43954\/revisions"}],"predecessor-version":[{"id":43957,"href":"https:\/\/zapala8340.com.ar\/index.php?rest_route=\/wp\/v2\/posts\/43954\/revisions\/43957"}],"wp:featuredmedia":[{"embeddable":true,"href":"https:\/\/zapala8340.com.ar\/index.php?rest_route=\/wp\/v2\/media\/43955"}],"wp:attachment":[{"href":"https:\/\/zapala8340.com.ar\/index.php?rest_route=%2Fwp%2Fv2%2Fmedia&parent=43954"}],"wp:term":[{"taxonomy":"category","embeddable":true,"href":"https:\/\/zapala8340.com.ar\/index.php?rest_route=%2Fwp%2Fv2%2Fcategories&post=43954"},{"taxonomy":"post_tag","embeddable":true,"href":"https:\/\/zapala8340.com.ar\/index.php?rest_route=%2Fwp%2Fv2%2Ftags&post=43954"}],"curies":[{"name":"wp","href":"https:\/\/api.w.org\/{rel}","templated":true}]}}