{"id":43959,"date":"2026-03-12T18:54:19","date_gmt":"2026-03-12T21:54:19","guid":{"rendered":"https:\/\/zapala8340.com.ar\/?p=43959"},"modified":"2026-03-12T19:16:02","modified_gmt":"2026-03-12T22:16:02","slug":"villarruel-denuncio-a-petri-por-calumnias-e-injurias-tras-acusarla-de-golpista-y-la-interna-oficialista-escala-a-la-justicia","status":"publish","type":"post","link":"https:\/\/zapala8340.com.ar\/?p=43959","title":{"rendered":"Villarruel denunci\u00f3 a Petri por calumnias e injurias tras acusarla de \u201cgolpista\u201d y la interna oficialista escala a la justicia"},"content":{"rendered":"\n<p>La vicepresidenta llev\u00f3 el conflicto con el diputado libertario a los tribunales tras las acusaciones p\u00fablicas de \u201cgolpista\u201d. El cruce, que se profundiz\u00f3 despu\u00e9s del discurso de Javier Milei en la Asamblea Legislativa, expuso las tensiones internas dentro del oficialismo.<\/p>\n\n\n\n<p>La interna dentro del oficialismo sum\u00f3 un nuevo cap\u00edtulo y lleg\u00f3 a los tribunales. La vicepresidenta\u00a0Victoria Villarruel\u00a0present\u00f3 una denuncia penal contra el diputado nacional\u00a0Luis Petri\u00a0luego de que el exministro de Defensa la calificara p\u00fablicamente de\u00a0<strong>\u201cgolpista\u201d<\/strong>\u00a0en medio de un duro cruce pol\u00edtico que se intensific\u00f3 tras el discurso presidencial en la Asamblea Legislativa.<\/p>\n\n\n\n<p><\/p>\n\n\n\n<p>La presentaci\u00f3n fue radicada en los tribunales federales de&nbsp;<strong>Comodoro Py<\/strong>&nbsp;y qued\u00f3 registrada en el expediente CFP 985\/2026. All\u00ed, la titular del Senado acus\u00f3 al legislador libertario por los delitos de&nbsp;<strong>calumnias e injurias<\/strong>, adem\u00e1s de&nbsp;<strong>atentado contra el orden p\u00fablico<\/strong>&nbsp;y&nbsp;<strong>amenaza de rebeli\u00f3n<\/strong>, luego de que Petri asegurara que Villarruel habr\u00eda jugado a favor de la oposici\u00f3n y que \u201capost\u00f3 por el fracaso del Gobierno\u201d.<\/p>\n\n\n\n<p>El conflicto se desat\u00f3 tras el discurso de&nbsp;<strong>Javier Milei<\/strong>&nbsp;en la Asamblea Legislativa del 1\u00b0 de marzo. Durante la transmisi\u00f3n oficial, las c\u00e1maras mostraron en contadas ocasiones a la vicepresidenta y en uno de esos momentos el mandatario desliz\u00f3 que sectores de la oposici\u00f3n -y tambi\u00e9n \u201cpropios\u201d- se \u201crelam\u00edan por sentarse en el sill\u00f3n de Rivadavia\u201d, una frase que fue interpretada como una alusi\u00f3n a Villarruel.<\/p>\n\n\n\n<p>Aunque inicialmente la vicepresidenta intent\u00f3 restarle importancia al episodio, finalmente decidi\u00f3 avanzar judicialmente. D\u00edas atr\u00e1s, al ser consultada por periodistas durante su visita a Expoagro, hab\u00eda buscado bajar el tono de la disputa: \u201cEste tipo de novelas le permiten al periodismo seguir hablando de algo que no tiene importancia\u201d, afirm\u00f3 entonces.<\/p>\n\n\n\n<p><\/p>\n\n\n\n<p>La denuncia no alcanza solo a Petri.&nbsp;<strong>Villarruel tambi\u00e9n incluy\u00f3 en la presentaci\u00f3n a los periodistas Pablo Rossi y Eduardo Feinmann, del canal A24, por haber replicado y comentado las acusaciones del exministro en un programa televisivo.<\/strong><\/p>\n\n\n\n<p>En una entrevista en TN, Petri hab\u00eda cuestionado con dureza el rol de la vicepresidenta dentro del Gobierno. Seg\u00fan sostuvo, Villarruel \u201cha estado fuera de lugar dos a\u00f1os\u201d y sugiri\u00f3 que habilitar el funcionamiento del Senado para tratar iniciativas impulsadas por la oposici\u00f3n implic\u00f3 una maniobra pol\u00edtica contra la Casa Rosada.<\/p>\n\n\n\n<p>\u201cSi te ofrec\u00e9s a la oposici\u00f3n para abrir el Congreso y debatir leyes que hieren el programa econ\u00f3mico del Gobierno, \u00bfen qu\u00e9 te convert\u00eds?\u201d, plante\u00f3 el diputado mendocino, que tambi\u00e9n desliz\u00f3 que la vicepresidenta habr\u00eda buscado posicionarse pol\u00edticamente ante un eventual fracaso de la gesti\u00f3n libertaria.<\/p>\n\n\n\n<p><\/p>\n\n\n\n<p>Las declaraciones se viralizaron r\u00e1pidamente en redes sociales y provocaron\u00a0una respuesta directa de Villarruel a trav\u00e9s de su cuenta en X. All\u00ed la vicepresidenta cuestion\u00f3 la gesti\u00f3n de Petri al frente del\u00a0<strong>Instituto de Obra Social de las Fuerzas Armadas (IOSFA)<\/strong>\u00a0y lo responsabiliz\u00f3 por la crisis financiera del organismo.<\/p>\n\n\n\n<p>\u201cEs preocupante que no responda a\u00fan por el vac\u00edo que dej\u00f3 en IOSFA\u201d, escribi\u00f3. Seg\u00fan sostuvo, esa situaci\u00f3n dej\u00f3 \u201ca cientos de miles de militares y sus familias sin atenci\u00f3n m\u00e9dica en los confines del pa\u00eds\u201d.<\/p>\n\n\n\n<p>En otros mensajes, Villarruel tambi\u00e9n ironiz\u00f3 sobre la figura del exministro. \u201cA Petri lo conozco por sus cosplays y por los trencitos de la alegr\u00eda con el presidente Milei\u201d, afirm\u00f3, en una de las publicaciones que intensificaron el cruce pol\u00edtico.<\/p>\n\n\n\n<p>La vicepresidenta tambi\u00e9n rechaz\u00f3 las versiones sobre una eventual renuncia y dej\u00f3 en claro que planea completar su mandato. \u201cEso quieren. Mi renuncia. Pero no se les va a dar. El 10 de diciembre de 2027, hasta esa fecha ocupo con honestidad mi cargo\u201d, respondi\u00f3 ante consultas de usuarios en redes sociales.<\/p>\n\n\n\n<p>Horas despu\u00e9s, Petri replic\u00f3 uno de esos mensajes y redobl\u00f3 la confrontaci\u00f3n. \u201cA vos te conozco por golpista\u201d, escribi\u00f3 el diputado, una frase que termin\u00f3 por precipitar la presentaci\u00f3n judicial.<\/p>\n\n\n\n<p>La causa qued\u00f3 radicada en el&nbsp;<strong>Juzgado Criminal y Correccional Federal N.\u00ba 2<\/strong>, a cargo del juez&nbsp;<strong>Sebasti\u00e1n Ramos<\/strong>, que ahora deber\u00e1 analizar el contenido de la denuncia y determinar si corresponde avanzar con la investigaci\u00f3n.<\/p>\n\n\n\n<p>Con el expediente ya en manos de la Justicia, el enfrentamiento entre dos figuras clave del espacio libertario suma as\u00ed un nuevo escenario de disputa y profundiza las tensiones internas dentro del oficialismo.<\/p>\n\n\n\n<p><em>CRM<\/em><\/p>\n\n\n\n<figure class=\"wp-block-image size-full\"><img loading=\"lazy\" decoding=\"async\" width=\"768\" height=\"432\" src=\"https:\/\/zapala8340.com.ar\/wp-content\/uploads\/2026\/03\/image-30.png\" alt=\"\" class=\"wp-image-43960\" srcset=\"https:\/\/zapala8340.com.ar\/wp-content\/uploads\/2026\/03\/image-30.png 768w, https:\/\/zapala8340.com.ar\/wp-content\/uploads\/2026\/03\/image-30-300x169.png 300w\" sizes=\"(max-width: 768px) 100vw, 768px\" \/><\/figure>\n","protected":false},"excerpt":{"rendered":"<p>La vicepresidenta llev\u00f3 el conflicto con el diputado libertario a los tribunales tras las acusaciones&#8230;<\/p>\n","protected":false},"author":1,"featured_media":43960,"comment_status":"open","ping_status":"open","sticky":false,"template":"","format":"standard","meta":{"footnotes":""},"categories":[16],"tags":[],"class_list":["post-43959","post","type-post","status-publish","format-standard","has-post-thumbnail","hentry","category-politica"],"_links":{"self":[{"href":"https:\/\/zapala8340.com.ar\/index.php?rest_route=\/wp\/v2\/posts\/43959"}],"collection":[{"href":"https:\/\/zapala8340.com.ar\/index.php?rest_route=\/wp\/v2\/posts"}],"about":[{"href":"https:\/\/zapala8340.com.ar\/index.php?rest_route=\/wp\/v2\/types\/post"}],"author":[{"embeddable":true,"href":"https:\/\/zapala8340.com.ar\/index.php?rest_route=\/wp\/v2\/users\/1"}],"replies":[{"embeddable":true,"href":"https:\/\/zapala8340.com.ar\/index.php?rest_route=%2Fwp%2Fv2%2Fcomments&post=43959"}],"version-history":[{"count":2,"href":"https:\/\/zapala8340.com.ar\/index.php?rest_route=\/wp\/v2\/posts\/43959\/revisions"}],"predecessor-version":[{"id":43963,"href":"https:\/\/zapala8340.com.ar\/index.php?rest_route=\/wp\/v2\/posts\/43959\/revisions\/43963"}],"wp:featuredmedia":[{"embeddable":true,"href":"https:\/\/zapala8340.com.ar\/index.php?rest_route=\/wp\/v2\/media\/43960"}],"wp:attachment":[{"href":"https:\/\/zapala8340.com.ar\/index.php?rest_route=%2Fwp%2Fv2%2Fmedia&parent=43959"}],"wp:term":[{"taxonomy":"category","embeddable":true,"href":"https:\/\/zapala8340.com.ar\/index.php?rest_route=%2Fwp%2Fv2%2Fcategories&post=43959"},{"taxonomy":"post_tag","embeddable":true,"href":"https:\/\/zapala8340.com.ar\/index.php?rest_route=%2Fwp%2Fv2%2Ftags&post=43959"}],"curies":[{"name":"wp","href":"https:\/\/api.w.org\/{rel}","templated":true}]}}