{"id":43967,"date":"2026-03-12T20:26:22","date_gmt":"2026-03-12T23:26:22","guid":{"rendered":"https:\/\/zapala8340.com.ar\/?p=43967"},"modified":"2026-03-12T20:46:01","modified_gmt":"2026-03-12T23:46:01","slug":"artemis-ii-la-nasa-revisa-el-cohete-sls-y-prepara-la-mision-tripulada-alrededor-de-la-luna","status":"publish","type":"post","link":"https:\/\/zapala8340.com.ar\/?p=43967","title":{"rendered":"Artemis II: la NASA revisa el cohete SLS y prepara la misi\u00f3n tripulada alrededor de la Luna"},"content":{"rendered":"\n<p><strong>La Administraci\u00f3n Nacional de Aeron\u00e1utica y el Espacio (NASA)\u00a0<\/strong>llev\u00f3 a cabo este jueves 12 de marzo una conferencia de prensa en\u00a0<strong>el Centro Espacial Kennedy,<\/strong>\u00a0en Florida, tras finalizar\u00a0<strong>la Revisi\u00f3n de Aptitud para el Vuelo<\/strong>\u00a0(Flight Readiness Review) de la misi\u00f3n\u00a0<strong>Artemis II<\/strong>. El encuentro tuvo como prop\u00f3sito informar sobre el estado actual del cohete<strong>\u00a0Space Launch System<\/strong>\u00a0(SLS) y la nave Orion. Los ingenieros evaluaron los datos obtenidos tras las pruebas de carga de combustible y los ajustes realizados en los sistemas de soporte vital.<\/p>\n\n\n\n<p><\/p>\n\n\n\n<p>El cronograma actual sit\u00faa el lanzamiento para el mes de\u00a0<strong>abril de 2026<\/strong>, luego de que se detectaran inconvenientes t\u00e9cnicos en las etapas previas. Durante los ensayos realizados en febrero, los equipos t\u00e9cnicos identificaron una fuga de hidr\u00f3geno y problemas en el flujo de helio hacia la etapa superior del cohete. Estos hallazgos obligaron a trasladar el veh\u00edculo de lanzamiento de regreso\u00a0<strong>al Edificio de Ensamblaje de Veh\u00edculos (VAB)\u00a0<\/strong>el pasado 25 de febrero para realizar reparaciones y sustituir bater\u00edas en el sistema de terminaci\u00f3n de vuelo.<\/p>\n\n\n\n<figure class=\"wp-block-image size-full\"><img loading=\"lazy\" decoding=\"async\" width=\"768\" height=\"431\" src=\"https:\/\/zapala8340.com.ar\/wp-content\/uploads\/2026\/03\/image-33.png\" alt=\"\" class=\"wp-image-43969\" srcset=\"https:\/\/zapala8340.com.ar\/wp-content\/uploads\/2026\/03\/image-33.png 768w, https:\/\/zapala8340.com.ar\/wp-content\/uploads\/2026\/03\/image-33-300x168.png 300w\" sizes=\"(max-width: 768px) 100vw, 768px\" \/><\/figure>\n\n\n\n<h2 class=\"wp-block-heading\">Desaf\u00edos t\u00e9cnicos y ajustes en el escudo t\u00e9rmico<\/h2>\n\n\n\n<p>Uno de los puntos centrales de la revisi\u00f3n t\u00e9cnica fue el desempe\u00f1o del escudo t\u00e9rmico de&nbsp;<strong>la c\u00e1psula Orion<\/strong>. Seg\u00fan precis\u00f3 el comandante de la misi\u00f3n, Reid Wiseman, en declaraciones recogidas por la cadena canadiense CBC, la trayectoria de entrada a la atm\u00f3sfera terrestre fue modificada para garantizar la integridad estructural del veh\u00edculo. &#8220;Vamos a entrar un poco m\u00e1s caliente y m\u00e1s r\u00e1pido que en Artemis I&#8221;, se\u00f1al\u00f3 Wiseman, en referencia a las lecciones aprendidas durante el vuelo no tripulado de 2022.<\/p>\n\n\n\n<p><\/p>\n\n\n\n<p>El equipo de ingenier\u00eda de la NASA trabaj\u00f3 en la integraci\u00f3n de mejoras basadas en la erosi\u00f3n observada en el material Avcoat del escudo t\u00e9rmico durante la misi\u00f3n anterior. El objetivo primordial de estos ajustes es asegurar que la c\u00e1psula pueda soportar las temperaturas extremas de la reentrada tras completar su trayectoria de inyecci\u00f3n trans-lunar. La misi\u00f3n, que tendr\u00e1 una duraci\u00f3n aproximada de diez d\u00edas, marcar\u00e1 el primer vuelo tripulado m\u00e1s all\u00e1 de la \u00f3rbita terrestre baja en m\u00e1s de medio siglo.<\/p>\n\n\n\n<h2 class=\"wp-block-heading\">La tripulaci\u00f3n y el cronograma de operaciones<\/h2>\n\n\n\n<p>La tripulaci\u00f3n de Artemis II est\u00e1 conformada por los astronautas de la NASA Reid Wiseman, Victor Glover y Christina Koch, junto al astronauta de la Agencia Espacial Canadiense (CSA) Jeremy Hansen. Durante la revisi\u00f3n del 12 de marzo, se confirm\u00f3 que los cuatro tripulantes completaron las fases de entrenamiento en simuladores y pruebas de integraci\u00f3n con los sistemas de comunicaciones de la Red de Espacio Profundo. Koch ser\u00e1 la primera mujer en participar de una misi\u00f3n lunar, mientras que Glover ser\u00e1 el primer astronauta afroamericano en esta instancia.<\/p>\n\n\n\n<p><\/p>\n\n\n\n<p>El programa Artemis contempla que esta misi\u00f3n sea el paso previo al alunizaje previsto para Artemis III. No obstante, las autoridades de la agencia espacial indicaron que Artemis III podr\u00eda ser reconfigurada como una misi\u00f3n de pr\u00e1ctica de acoplamiento en \u00f3rbita terrestre antes de intentar un descenso en el polo sur lunar. Los resultados de la revisi\u00f3n de hoy determinan la viabilidad de la ventana de lanzamiento de abril, supeditada a que no surjan nuevas anomal\u00edas en los sensores de flujo de la etapa criog\u00e9nica provisional (ICPS).<\/p>\n\n\n\n<p>El proceso de certificaci\u00f3n de vuelo concluir\u00e1 formalmente una vez que los directores de la misi\u00f3n firmen el acta de preparaci\u00f3n tras el an\u00e1lisis de la \u00faltima prueba de cuenta regresiva. La NASA inform\u00f3 que la pr\u00f3xima actualizaci\u00f3n oficial sobre la carga de propelentes y el cierre definitivo de la escotilla de la c\u00e1psula se brindar\u00e1 en una conferencia de prensa programada para las 15:00 horas del huso horario del este.<\/p>\n\n\n\n<p><\/p>\n\n\n\n<figure class=\"wp-block-image size-full\"><img loading=\"lazy\" decoding=\"async\" width=\"768\" height=\"432\" src=\"https:\/\/zapala8340.com.ar\/wp-content\/uploads\/2026\/03\/image-32.png\" alt=\"\" class=\"wp-image-43968\" srcset=\"https:\/\/zapala8340.com.ar\/wp-content\/uploads\/2026\/03\/image-32.png 768w, https:\/\/zapala8340.com.ar\/wp-content\/uploads\/2026\/03\/image-32-300x169.png 300w\" sizes=\"(max-width: 768px) 100vw, 768px\" \/><\/figure>\n","protected":false},"excerpt":{"rendered":"<p>La Administraci\u00f3n Nacional de Aeron\u00e1utica y el Espacio (NASA)\u00a0llev\u00f3 a cabo este jueves 12 de&#8230;<\/p>\n","protected":false},"author":1,"featured_media":43968,"comment_status":"open","ping_status":"open","sticky":false,"template":"","format":"standard","meta":{"footnotes":""},"categories":[12],"tags":[],"class_list":["post-43967","post","type-post","status-publish","format-standard","has-post-thumbnail","hentry","category-science"],"_links":{"self":[{"href":"https:\/\/zapala8340.com.ar\/index.php?rest_route=\/wp\/v2\/posts\/43967"}],"collection":[{"href":"https:\/\/zapala8340.com.ar\/index.php?rest_route=\/wp\/v2\/posts"}],"about":[{"href":"https:\/\/zapala8340.com.ar\/index.php?rest_route=\/wp\/v2\/types\/post"}],"author":[{"embeddable":true,"href":"https:\/\/zapala8340.com.ar\/index.php?rest_route=\/wp\/v2\/users\/1"}],"replies":[{"embeddable":true,"href":"https:\/\/zapala8340.com.ar\/index.php?rest_route=%2Fwp%2Fv2%2Fcomments&post=43967"}],"version-history":[{"count":2,"href":"https:\/\/zapala8340.com.ar\/index.php?rest_route=\/wp\/v2\/posts\/43967\/revisions"}],"predecessor-version":[{"id":43972,"href":"https:\/\/zapala8340.com.ar\/index.php?rest_route=\/wp\/v2\/posts\/43967\/revisions\/43972"}],"wp:featuredmedia":[{"embeddable":true,"href":"https:\/\/zapala8340.com.ar\/index.php?rest_route=\/wp\/v2\/media\/43968"}],"wp:attachment":[{"href":"https:\/\/zapala8340.com.ar\/index.php?rest_route=%2Fwp%2Fv2%2Fmedia&parent=43967"}],"wp:term":[{"taxonomy":"category","embeddable":true,"href":"https:\/\/zapala8340.com.ar\/index.php?rest_route=%2Fwp%2Fv2%2Fcategories&post=43967"},{"taxonomy":"post_tag","embeddable":true,"href":"https:\/\/zapala8340.com.ar\/index.php?rest_route=%2Fwp%2Fv2%2Ftags&post=43967"}],"curies":[{"name":"wp","href":"https:\/\/api.w.org\/{rel}","templated":true}]}}