{"id":43995,"date":"2026-03-17T18:47:58","date_gmt":"2026-03-17T21:47:58","guid":{"rendered":"https:\/\/zapala8340.com.ar\/?p=43995"},"modified":"2026-03-17T18:54:48","modified_gmt":"2026-03-17T21:54:48","slug":"la-primera-nevada-tino-de-blanco-la-cordillera-neuquina-hubo-complicaciones-ruta-con-hielo","status":"publish","type":"post","link":"https:\/\/zapala8340.com.ar\/?p=43995","title":{"rendered":"La primera nevada ti\u00f1\u00f3 de blanco la cordillera neuquina: hubo complicaciones ruta con hielo"},"content":{"rendered":"\n<p>El final del verano en Neuqu\u00e9n tuvo un giro inesperado: la alta monta\u00f1a amaneci\u00f3 cubierta por un manto blanco que transform\u00f3 el paisaje y anticipa el inicio de la temporada invernal. El fen\u00f3meno, habitual para esta \u00e9poca del a\u00f1o, lleg\u00f3 justo en la antesala de un fin de semana largo que promete gran movimiento tur\u00edstico en la provincia.<\/p>\n\n\n\n<p>La postal entusiasma tanto a visitantes como a prestadores tur\u00edsticos, que ya registran un aumento en consultas y reservas de \u00faltimo momento en destinos como San Mart\u00edn de los Andes, Villa La Angostura y Caviahue.<\/p>\n\n\n\n<p>M\u00e1s all\u00e1 del atractivo visual, la nevada trae consigo un cambio de clima palpable: ma\u00f1anas fr\u00edas, tardes m\u00e1s cortas y la sensaci\u00f3n de que el invierno empieza a asomar. El pron\u00f3stico confirma que las neviscas continuar\u00e1n durante gran parte de la semana en sectores de alta monta\u00f1a, consolidando el inicio del ciclo invernal y generando expectativas para la pr\u00f3xima temporada tur\u00edstica, clave en la econom\u00eda neuquina.<\/p>\n\n\n\n<p>Sin embargo, las autoridades advierten que no todo es disfrute. Defensa Civil mantiene un monitoreo constante y recomienda a quienes viajen consultar el estado de las rutas, informarse por canales oficiales y extremar precauciones ante posibles cambios bruscos en las condiciones meteorol\u00f3gicas.<\/p>\n\n\n\n<figure class=\"wp-block-image size-large\"><img loading=\"lazy\" decoding=\"async\" width=\"1024\" height=\"1024\" src=\"https:\/\/zapala8340.com.ar\/wp-content\/uploads\/2026\/03\/image-36-1024x1024.png\" alt=\"\" class=\"wp-image-43998\" srcset=\"https:\/\/zapala8340.com.ar\/wp-content\/uploads\/2026\/03\/image-36.png 1024w, https:\/\/zapala8340.com.ar\/wp-content\/uploads\/2026\/03\/image-36-300x300.png 300w, https:\/\/zapala8340.com.ar\/wp-content\/uploads\/2026\/03\/image-36-150x150.png 150w, https:\/\/zapala8340.com.ar\/wp-content\/uploads\/2026\/03\/image-36-768x768.png 768w\" sizes=\"(max-width: 1024px) 100vw, 1024px\" \/><\/figure>\n\n\n\n<h3 class=\"wp-block-heading\">El paso internacional Pino Hachado reabre tras el hielo en la calzada<\/h3>\n\n\n\n<p>Luego de permanecer cerrado durante la ma\u00f1ana por el congelamiento de la ruta en el sector fronterizo, el paso internacional Pino Hachado volver\u00e1 a estar habilitado este martes 17 de marzo a partir de las 12.<\/p>\n\n\n\n<p>La interrupci\u00f3n del tr\u00e1nsito respondi\u00f3 a la formaci\u00f3n de hielo sobre la calzada, una situaci\u00f3n frecuente en zonas cordilleranas cuando las temperaturas descienden y que obliga a realizar trabajos de despeje para garantizar la seguridad.<\/p>\n\n\n\n<p>La reapertura alcanza a todo tipo de veh\u00edculos \u2014transporte de carga, colectivos y particulares\u2014 aunque las autoridades insisten en la necesidad de circular con extrema precauci\u00f3n. En la zona se registran intensos vientos y persisten sectores con hielo, condiciones que pueden complicar la conducci\u00f3n, especialmente para camiones y \u00f3mnibus.<\/p>\n\n\n\n<p>Defensa Civil y los organismos viales recomiendan mantener velocidades reducidas, respetar las indicaciones de seguridad y consultar el estado de las rutas antes de emprender viaje.<\/p>\n","protected":false},"excerpt":{"rendered":"<p>El final del verano en Neuqu\u00e9n tuvo un giro inesperado: la alta monta\u00f1a amaneci\u00f3 cubierta&#8230;<\/p>\n","protected":false},"author":1,"featured_media":43996,"comment_status":"open","ping_status":"open","sticky":false,"template":"","format":"standard","meta":{"footnotes":""},"categories":[31],"tags":[],"class_list":["post-43995","post","type-post","status-publish","format-standard","has-post-thumbnail","hentry","category-provincia"],"_links":{"self":[{"href":"https:\/\/zapala8340.com.ar\/index.php?rest_route=\/wp\/v2\/posts\/43995"}],"collection":[{"href":"https:\/\/zapala8340.com.ar\/index.php?rest_route=\/wp\/v2\/posts"}],"about":[{"href":"https:\/\/zapala8340.com.ar\/index.php?rest_route=\/wp\/v2\/types\/post"}],"author":[{"embeddable":true,"href":"https:\/\/zapala8340.com.ar\/index.php?rest_route=\/wp\/v2\/users\/1"}],"replies":[{"embeddable":true,"href":"https:\/\/zapala8340.com.ar\/index.php?rest_route=%2Fwp%2Fv2%2Fcomments&post=43995"}],"version-history":[{"count":3,"href":"https:\/\/zapala8340.com.ar\/index.php?rest_route=\/wp\/v2\/posts\/43995\/revisions"}],"predecessor-version":[{"id":44000,"href":"https:\/\/zapala8340.com.ar\/index.php?rest_route=\/wp\/v2\/posts\/43995\/revisions\/44000"}],"wp:featuredmedia":[{"embeddable":true,"href":"https:\/\/zapala8340.com.ar\/index.php?rest_route=\/wp\/v2\/media\/43996"}],"wp:attachment":[{"href":"https:\/\/zapala8340.com.ar\/index.php?rest_route=%2Fwp%2Fv2%2Fmedia&parent=43995"}],"wp:term":[{"taxonomy":"category","embeddable":true,"href":"https:\/\/zapala8340.com.ar\/index.php?rest_route=%2Fwp%2Fv2%2Fcategories&post=43995"},{"taxonomy":"post_tag","embeddable":true,"href":"https:\/\/zapala8340.com.ar\/index.php?rest_route=%2Fwp%2Fv2%2Ftags&post=43995"}],"curies":[{"name":"wp","href":"https:\/\/api.w.org\/{rel}","templated":true}]}}