{"id":44004,"date":"2026-03-17T21:43:08","date_gmt":"2026-03-18T00:43:08","guid":{"rendered":"https:\/\/zapala8340.com.ar\/?p=44004"},"modified":"2026-03-17T21:57:00","modified_gmt":"2026-03-18T00:57:00","slug":"chile-pone-en-marcha-zanjas-y-muros-para-frenar-el-ingreso-irregular-desde-peru-y-bolivia","status":"publish","type":"post","link":"https:\/\/zapala8340.com.ar\/?p=44004","title":{"rendered":"Chile pone en marcha zanjas y muros para frenar el ingreso irregular desde Per\u00fa y Bolivia"},"content":{"rendered":"\n<h2 class=\"wp-block-heading\">El presidente de Chile, Jos\u00e9 Antonio Kast, dio inicio este martes a la construcci\u00f3n de una zanja en la frontera norte del pa\u00eds, como parte de su plan <strong>Escudo Fronterizo<\/strong>, dise\u00f1ado para frenar el ingreso irregular de migrantes.<\/h2>\n\n\n\n<p>El presidente de Chile, orden\u00f3 el despliegue de maquinaria pesada y efectivos militares en la frontera norte para iniciar la construcci\u00f3n de <strong>barreras f\u00edsicas<\/strong> destinadas a reforzar el control migratorio. La medida, que marca el comienzo del plan <em>Escudo Fronterizo<\/em>, se enmarca en una serie de decretos firmados por el mandatario y busca frenar el ingreso irregular de personas al pa\u00eds, consolidando as\u00ed su pol\u00edtica de seguridad y orden p\u00fablico.<\/p>\n\n\n\n<p>La obra comenz\u00f3 en el complejo fronterizo de <strong>Chacalluta<\/strong>, en la regi\u00f3n de Arica, donde el Ej\u00e9rcito traslad\u00f3 maquinaria pesada para excavar fosos de tres metros de profundidad. Seg\u00fan lo previsto, los trabajos iniciales cubrir\u00e1n un tramo de <strong>600 metros entre los hitos 1 y 15<\/strong> de la l\u00ednea lim\u00edtrofe con Per\u00fa.<\/p>\n\n\n\n<h3 class=\"wp-block-heading\">C\u00f3mo ser\u00e1 la infraestructura<\/h3>\n\n\n\n<p>El proyecto contempla zanjas de tres metros de profundidad y la instalaci\u00f3n de muros de hasta cinco metros en sectores estrat\u00e9gicos. La combinaci\u00f3n de estas barreras f\u00edsicas busca reforzar el control migratorio en un punto considerado clave para el tr\u00e1nsito irregular hacia Chile.<\/p>\n\n\n\n<p>La presencia de Kast en la zona marc\u00f3 oficialmente el inicio de las excavaciones, que se concentrar\u00e1n en el tramo se\u00f1alado de la frontera.<\/p>\n\n\n\n<h3 class=\"wp-block-heading\">Extensi\u00f3n de la pol\u00edtica a Bolivia<\/h3>\n\n\n\n<p>La iniciativa no se limita al l\u00edmite con Per\u00fa. El mandatario tambi\u00e9n orden\u00f3 levantar <strong>barreras f\u00edsicas en la frontera con Bolivia<\/strong>, cumpliendo una de sus principales promesas de campa\u00f1a. Durante un acto oficial, Kast solicit\u00f3 la colaboraci\u00f3n de las Fuerzas Armadas para avanzar en la construcci\u00f3n y reforzar la presencia de funcionarios en los pasos fronterizos.<\/p>\n\n\n\n<h3 class=\"wp-block-heading\">Argumentos del gobierno<\/h3>\n\n\n\n<p>El Ejecutivo justifica estas medidas en las cifras oficiales: actualmente <strong>337.000 extranjeros<\/strong> residen en Chile sin documentaci\u00f3n regular. Kast ha se\u00f1alado que su administraci\u00f3n busca revertir lo que considera un escenario de \u201ccaos, desorden e inseguridad\u201d heredado del gobierno anterior.<\/p>\n\n\n\n<p>Durante la campa\u00f1a presidencial, el l\u00edder del Partido Republicano prometi\u00f3 endurecer la pol\u00edtica migratoria, incluyendo la deportaci\u00f3n de cerca de <strong>340.000 migrantes<\/strong>, en su mayor\u00eda provenientes de Venezuela.<\/p>\n\n\n\n<figure class=\"wp-block-image size-full\"><img loading=\"lazy\" decoding=\"async\" width=\"768\" height=\"432\" src=\"https:\/\/zapala8340.com.ar\/wp-content\/uploads\/2026\/03\/image-38.png\" alt=\"\" class=\"wp-image-44005\" srcset=\"https:\/\/zapala8340.com.ar\/wp-content\/uploads\/2026\/03\/image-38.png 768w, https:\/\/zapala8340.com.ar\/wp-content\/uploads\/2026\/03\/image-38-300x169.png 300w\" sizes=\"(max-width: 768px) 100vw, 768px\" \/><\/figure>\n\n\n\n<p><\/p>\n\n\n\n<p><\/p>\n\n\n\n<p><\/p>\n\n\n\n<figure class=\"wp-block-image size-full\"><img loading=\"lazy\" decoding=\"async\" width=\"992\" height=\"558\" src=\"https:\/\/zapala8340.com.ar\/wp-content\/uploads\/2026\/03\/image-39.png\" alt=\"\" class=\"wp-image-44006\" srcset=\"https:\/\/zapala8340.com.ar\/wp-content\/uploads\/2026\/03\/image-39.png 992w, https:\/\/zapala8340.com.ar\/wp-content\/uploads\/2026\/03\/image-39-300x169.png 300w, https:\/\/zapala8340.com.ar\/wp-content\/uploads\/2026\/03\/image-39-768x432.png 768w\" sizes=\"(max-width: 992px) 100vw, 992px\" \/><\/figure>\n","protected":false},"excerpt":{"rendered":"<p>El presidente de Chile, Jos\u00e9 Antonio Kast, dio inicio este martes a la construcci\u00f3n de&#8230;<\/p>\n","protected":false},"author":1,"featured_media":44006,"comment_status":"open","ping_status":"open","sticky":false,"template":"","format":"standard","meta":{"footnotes":""},"categories":[5],"tags":[],"class_list":["post-44004","post","type-post","status-publish","format-standard","has-post-thumbnail","hentry","category-internacionales"],"_links":{"self":[{"href":"https:\/\/zapala8340.com.ar\/index.php?rest_route=\/wp\/v2\/posts\/44004"}],"collection":[{"href":"https:\/\/zapala8340.com.ar\/index.php?rest_route=\/wp\/v2\/posts"}],"about":[{"href":"https:\/\/zapala8340.com.ar\/index.php?rest_route=\/wp\/v2\/types\/post"}],"author":[{"embeddable":true,"href":"https:\/\/zapala8340.com.ar\/index.php?rest_route=\/wp\/v2\/users\/1"}],"replies":[{"embeddable":true,"href":"https:\/\/zapala8340.com.ar\/index.php?rest_route=%2Fwp%2Fv2%2Fcomments&post=44004"}],"version-history":[{"count":2,"href":"https:\/\/zapala8340.com.ar\/index.php?rest_route=\/wp\/v2\/posts\/44004\/revisions"}],"predecessor-version":[{"id":44009,"href":"https:\/\/zapala8340.com.ar\/index.php?rest_route=\/wp\/v2\/posts\/44004\/revisions\/44009"}],"wp:featuredmedia":[{"embeddable":true,"href":"https:\/\/zapala8340.com.ar\/index.php?rest_route=\/wp\/v2\/media\/44006"}],"wp:attachment":[{"href":"https:\/\/zapala8340.com.ar\/index.php?rest_route=%2Fwp%2Fv2%2Fmedia&parent=44004"}],"wp:term":[{"taxonomy":"category","embeddable":true,"href":"https:\/\/zapala8340.com.ar\/index.php?rest_route=%2Fwp%2Fv2%2Fcategories&post=44004"},{"taxonomy":"post_tag","embeddable":true,"href":"https:\/\/zapala8340.com.ar\/index.php?rest_route=%2Fwp%2Fv2%2Ftags&post=44004"}],"curies":[{"name":"wp","href":"https:\/\/api.w.org\/{rel}","templated":true}]}}